{"id":34565,"date":"2022-12-18T14:33:24","date_gmt":"2022-12-18T20:33:24","guid":{"rendered":"https:\/\/encuentroinformativo.com.mx\/?p=34565"},"modified":"2022-12-18T14:33:28","modified_gmt":"2022-12-18T20:33:28","slug":"dif-boca-del-rio-entrega-bebe-resguardado-en-albergue-santa-ana","status":"publish","type":"post","link":"https:\/\/encuentroinformativo.com.mx\/?p=34565","title":{"rendered":"DIF Boca del R\u00edo entrega beb\u00e9 resguardado en albergue Santa Ana"},"content":{"rendered":"\n<p><strong>*<em>El proceso se llev\u00f3 a cabo ante la solicitud de la Fiscal\u00eda Especializada<\/em>.<\/strong><\/p>\n\n\n\n<p>Boca del R\u00edo, Ver.- La tarde de este s\u00e1bado, el DIF municipal de Boca del R\u00edo a trav\u00e9s de la Procuradur\u00eda Municipal de Protecci\u00f3n a Ni\u00f1as, Ni\u00f1os y Adolescentes, realiz\u00f3 la entrega del lactante que permanec\u00eda bajo resguardo en el albergue Santa Ana, a su madre biol\u00f3gica Brenda &#8220;N&#8221;.<\/p>\n\n\n\n<p>Este proceso se llev\u00f3 a cabo, luego de que la Fiscal\u00eda Especializada en la Investigaci\u00f3n de Delitos Contra la Familia, Mujeres, Ni\u00f1as, Ni\u00f1os y Trata de Personas, dej\u00f3 sin efecto la medida de protecci\u00f3n impuesta tras los resultados de ADN que confirman el parentesco biol\u00f3gico del menor y su madre.<\/p>\n\n\n\n<p>Cabe se\u00f1alar que el lactante, de identidad reservada, fue puesto en resguardo e ingresado a las instalaciones del albergue Santa Ana el pasado 24 de noviembre, como medida de protecci\u00f3n impuesta por la Fiscal\u00eda.<\/p>\n\n\n\n<p>El DIF municipal, cumpli\u00f3 con los requerimientos de las autoridades y hasta el d\u00eda de hoy procur\u00f3 el bienestar del menor, salvaguardando y anteponiendo sus derechos como marca la ley.<\/p>\n\n\n\n<p>Ser\u00e1n las autoridades correspondientes quienes den continuidad a la carpeta de investigaci\u00f3n abierta por la denuncia interpuesta el pasado mes de noviembre, por Brenda &#8220;N&#8221;, madre biol\u00f3gica del menor.<\/p>\n\n\n\n<figure class=\"wp-block-image size-large\"><img loading=\"lazy\" decoding=\"async\" width=\"807\" height=\"1024\" src=\"https:\/\/encuentroinformativo.com.mx\/wp-content\/uploads\/2022\/12\/0D1A5D10-9A71-4067-975C-125EE1E140C1-807x1024.jpeg\" alt=\"\" class=\"wp-image-34566\" srcset=\"https:\/\/encuentroinformativo.com.mx\/wp-content\/uploads\/2022\/12\/0D1A5D10-9A71-4067-975C-125EE1E140C1-807x1024.jpeg 807w, https:\/\/encuentroinformativo.com.mx\/wp-content\/uploads\/2022\/12\/0D1A5D10-9A71-4067-975C-125EE1E140C1-236x300.jpeg 236w, https:\/\/encuentroinformativo.com.mx\/wp-content\/uploads\/2022\/12\/0D1A5D10-9A71-4067-975C-125EE1E140C1-768x975.jpeg 768w, https:\/\/encuentroinformativo.com.mx\/wp-content\/uploads\/2022\/12\/0D1A5D10-9A71-4067-975C-125EE1E140C1.jpeg 1125w\" sizes=\"auto, (max-width: 807px) 100vw, 807px\" \/><\/figure>\n","protected":false},"excerpt":{"rendered":"<p>*El proceso se llev\u00f3 a cabo ante la solicitud de la Fiscal\u00eda Especializada. Boca del R\u00edo, Ver.- La tarde de este s\u00e1bado, el DIF municipal de Boca del R\u00edo a trav\u00e9s de la Procuradur\u00eda Municipal de Protecci\u00f3n a Ni\u00f1as, Ni\u00f1os y Adolescentes, realiz\u00f3 la entrega del lactante que permanec\u00eda bajo resguardo en el albergue Santa [&hellip;]<\/p>\n","protected":false},"author":1,"featured_media":34566,"comment_status":"open","ping_status":"open","sticky":false,"template":"","format":"standard","meta":{"_jetpack_memberships_contains_paid_content":false,"footnotes":""},"categories":[2],"tags":[],"class_list":["post-34565","post","type-post","status-publish","format-standard","has-post-thumbnail","hentry","category-estado"],"jetpack_featured_media_url":"https:\/\/encuentroinformativo.com.mx\/wp-content\/uploads\/2022\/12\/0D1A5D10-9A71-4067-975C-125EE1E140C1.jpeg","jetpack_sharing_enabled":true,"jetpack_likes_enabled":true,"amp_enabled":true,"_links":{"self":[{"href":"https:\/\/encuentroinformativo.com.mx\/index.php?rest_route=\/wp\/v2\/posts\/34565","targetHints":{"allow":["GET"]}}],"collection":[{"href":"https:\/\/encuentroinformativo.com.mx\/index.php?rest_route=\/wp\/v2\/posts"}],"about":[{"href":"https:\/\/encuentroinformativo.com.mx\/index.php?rest_route=\/wp\/v2\/types\/post"}],"author":[{"embeddable":true,"href":"https:\/\/encuentroinformativo.com.mx\/index.php?rest_route=\/wp\/v2\/users\/1"}],"replies":[{"embeddable":true,"href":"https:\/\/encuentroinformativo.com.mx\/index.php?rest_route=%2Fwp%2Fv2%2Fcomments&post=34565"}],"version-history":[{"count":1,"href":"https:\/\/encuentroinformativo.com.mx\/index.php?rest_route=\/wp\/v2\/posts\/34565\/revisions"}],"predecessor-version":[{"id":34567,"href":"https:\/\/encuentroinformativo.com.mx\/index.php?rest_route=\/wp\/v2\/posts\/34565\/revisions\/34567"}],"wp:featuredmedia":[{"embeddable":true,"href":"https:\/\/encuentroinformativo.com.mx\/index.php?rest_route=\/wp\/v2\/media\/34566"}],"wp:attachment":[{"href":"https:\/\/encuentroinformativo.com.mx\/index.php?rest_route=%2Fwp%2Fv2%2Fmedia&parent=34565"}],"wp:term":[{"taxonomy":"category","embeddable":true,"href":"https:\/\/encuentroinformativo.com.mx\/index.php?rest_route=%2Fwp%2Fv2%2Fcategories&post=34565"},{"taxonomy":"post_tag","embeddable":true,"href":"https:\/\/encuentroinformativo.com.mx\/index.php?rest_route=%2Fwp%2Fv2%2Ftags&post=34565"}],"curies":[{"name":"wp","href":"https:\/\/api.w.org\/{rel}","templated":true}]}}