{"id":34568,"date":"2022-12-18T14:38:30","date_gmt":"2022-12-18T20:38:30","guid":{"rendered":"https:\/\/encuentroinformativo.com.mx\/?p=34568"},"modified":"2022-12-18T14:38:34","modified_gmt":"2022-12-18T20:38:34","slug":"se-preparan-para-heladas-en-cofre-de-perote","status":"publish","type":"post","link":"https:\/\/encuentroinformativo.com.mx\/?p=34568","title":{"rendered":"Se preparan para heladas en Cofre de Perote"},"content":{"rendered":"\n<p><strong>Juan Arcos <\/strong><\/p>\n\n\n\n<p>Perote, Ver.- Ante las bajas temperaturas que se han registrado durante los \u00faltimos d\u00edas en las faldas del Cofre de Perote, las familias se preparan para esta temporada invernal.<\/p>\n\n\n\n<p>Los pobladores de la comunidad Los Altos, municipio de Ayahualulco, consideraron que cada semana disminuyen a\u00fan m\u00e1s las temperaturas en esta zona ubicada mil 900 metros sobre el nivel del mar.<\/p>\n\n\n\n<p>La presidenta del Sistema para el Desarrollo Integral de la Familia (DIF) Municipal, Maura Morales Rosas, asegur\u00f3 que est\u00e1n preparados para atender a la poblaci\u00f3n que lo necesite.<\/p>\n\n\n\n<p>\u201cContamos con cobijas, colchonetas, pero es por parte de la presidencia municipal y el DIF nos va marcando cu\u00e1ndo son las entregas. Ayahualulco cuenta con un albergue y si se requiere se utiliza\u201d, expres\u00f3.<\/p>\n\n\n\n<p>Las comunidades que se encuentran en las zonas m\u00e1s elevadas son: Los Altos, La Toma, San Jos\u00e9 Aguazuelas y Tlalconteno.<\/p>\n\n\n\n<p>\u201cToda esta parte de arriba normalmente se sienten las heladas, pero tremendas, estamos a lado del Cofre de Perote, a sus faldas precisamente\u201d, indic\u00f3.<\/p>\n\n\n\n<p>En estas zonas son constantes las heladas y cencelladas, es decir, la formaci\u00f3n de l\u00e1minas de hielo sobre superficies expuestas a la intemperie que se han enfriado lo suficiente para congelar el roc\u00edo.<\/p>\n\n\n\n<p>Cabe recordar que en el pasado 7 de diciembre se report\u00f3 una helada en La Joya, municipio de Acajete, donde la temperatura fue de menos cinco grados cent\u00edgrados.<\/p>\n","protected":false},"excerpt":{"rendered":"<p>Juan Arcos Perote, Ver.- Ante las bajas temperaturas que se han registrado durante los \u00faltimos d\u00edas en las faldas del Cofre de Perote, las familias se preparan para esta temporada invernal. Los pobladores de la comunidad Los Altos, municipio de Ayahualulco, consideraron que cada semana disminuyen a\u00fan m\u00e1s las temperaturas en esta zona ubicada mil [&hellip;]<\/p>\n","protected":false},"author":1,"featured_media":34569,"comment_status":"open","ping_status":"open","sticky":false,"template":"","format":"standard","meta":{"_jetpack_memberships_contains_paid_content":false,"footnotes":""},"categories":[8],"tags":[],"class_list":["post-34568","post","type-post","status-publish","format-standard","has-post-thumbnail","hentry","category-region"],"jetpack_featured_media_url":"https:\/\/encuentroinformativo.com.mx\/wp-content\/uploads\/2022\/12\/0AC9E38A-9BD1-40C5-B39B-19E43BAD371A.jpeg","jetpack_sharing_enabled":true,"jetpack_likes_enabled":true,"amp_enabled":true,"_links":{"self":[{"href":"https:\/\/encuentroinformativo.com.mx\/index.php?rest_route=\/wp\/v2\/posts\/34568","targetHints":{"allow":["GET"]}}],"collection":[{"href":"https:\/\/encuentroinformativo.com.mx\/index.php?rest_route=\/wp\/v2\/posts"}],"about":[{"href":"https:\/\/encuentroinformativo.com.mx\/index.php?rest_route=\/wp\/v2\/types\/post"}],"author":[{"embeddable":true,"href":"https:\/\/encuentroinformativo.com.mx\/index.php?rest_route=\/wp\/v2\/users\/1"}],"replies":[{"embeddable":true,"href":"https:\/\/encuentroinformativo.com.mx\/index.php?rest_route=%2Fwp%2Fv2%2Fcomments&post=34568"}],"version-history":[{"count":1,"href":"https:\/\/encuentroinformativo.com.mx\/index.php?rest_route=\/wp\/v2\/posts\/34568\/revisions"}],"predecessor-version":[{"id":34570,"href":"https:\/\/encuentroinformativo.com.mx\/index.php?rest_route=\/wp\/v2\/posts\/34568\/revisions\/34570"}],"wp:featuredmedia":[{"embeddable":true,"href":"https:\/\/encuentroinformativo.com.mx\/index.php?rest_route=\/wp\/v2\/media\/34569"}],"wp:attachment":[{"href":"https:\/\/encuentroinformativo.com.mx\/index.php?rest_route=%2Fwp%2Fv2%2Fmedia&parent=34568"}],"wp:term":[{"taxonomy":"category","embeddable":true,"href":"https:\/\/encuentroinformativo.com.mx\/index.php?rest_route=%2Fwp%2Fv2%2Fcategories&post=34568"},{"taxonomy":"post_tag","embeddable":true,"href":"https:\/\/encuentroinformativo.com.mx\/index.php?rest_route=%2Fwp%2Fv2%2Ftags&post=34568"}],"curies":[{"name":"wp","href":"https:\/\/api.w.org\/{rel}","templated":true}]}}