{"id":34571,"date":"2022-12-18T14:45:54","date_gmt":"2022-12-18T20:45:54","guid":{"rendered":"https:\/\/encuentroinformativo.com.mx\/?p=34571"},"modified":"2022-12-18T14:45:58","modified_gmt":"2022-12-18T20:45:58","slug":"repuntan-xalapa-y-zona-conurbada-en-actividades-artisticas","status":"publish","type":"post","link":"https:\/\/encuentroinformativo.com.mx\/?p=34571","title":{"rendered":"Repuntan Xalapa y zona conurbada en actividades art\u00edsticas"},"content":{"rendered":"\n<p><strong>Juan Arcos <\/strong><\/p>\n\n\n\n<p>Xalapa, Ver.- Xalapa y la zona conurbada de Veracruz-Boca del R\u00edo generan la mayor aportaci\u00f3n cultural y art\u00edstica de la entidad veracruzana.<\/p>\n\n\n\n<p>As\u00ed lo revel\u00f3 Sergio Rosete Xotlanihua, subdirector de Artes y Patrimonio del Instituto Veracruzano de la Cultura (IVEC), quien a\u00f1adi\u00f3 que se est\u00e1 elaborando un padr\u00f3n para conocer a la mayor cantidad posible de artistas en el estado.<\/p>\n\n\n\n<p>\u201cLa bienal de arte Veracruz va en su sexta edici\u00f3n; sin embargo, es a partir de su cuarta, quinta y sexta cuando nos dimos a la tarea de iniciar con este registro, saber qui\u00e9nes participan y de d\u00f3nde son precisamente. La bienal de arte Veracruz sirve para conocer cu\u00e1l es la salud de las artes visuales pero tambi\u00e9n nos ayuda para saber quienes la realizan\u201d, detall\u00f3.<\/p>\n\n\n\n<p>Explic\u00f3 que tambi\u00e9n destacan en materia art\u00edstica los municipios de Orizaba y C\u00f3rdoba, ubicados en la zona central monta\u00f1osa de la entidad.<\/p>\n\n\n\n<p>Tambi\u00e9n se concentra una gran cantidad de artistas visuales en las regiones sur y norte del estado, sobre todo en los municipios de Coatzacoalcos y P\u00e1nuco, respectivamente.<\/p>\n\n\n\n<p>\u201cLa bienal de cer\u00e1mica tambi\u00e9n es otro proyecto que nos ha arrojado mucha informaci\u00f3n sobre qu\u00e9 se est\u00e1 haciendo y d\u00f3nde se est\u00e1 haciendo\u201d, refiri\u00f3.<\/p>\n\n\n\n<p>Hay ceramistas en Xalapa, Coatepec y Xico, pero tambi\u00e9n en la zona del puerto de Veracruz.<\/p>\n","protected":false},"excerpt":{"rendered":"<p>Juan Arcos Xalapa, Ver.- Xalapa y la zona conurbada de Veracruz-Boca del R\u00edo generan la mayor aportaci\u00f3n cultural y art\u00edstica de la entidad veracruzana. As\u00ed lo revel\u00f3 Sergio Rosete Xotlanihua, subdirector de Artes y Patrimonio del Instituto Veracruzano de la Cultura (IVEC), quien a\u00f1adi\u00f3 que se est\u00e1 elaborando un padr\u00f3n para conocer a la mayor [&hellip;]<\/p>\n","protected":false},"author":1,"featured_media":29975,"comment_status":"open","ping_status":"open","sticky":false,"template":"","format":"standard","meta":{"_jetpack_memberships_contains_paid_content":false,"footnotes":""},"categories":[2],"tags":[],"class_list":["post-34571","post","type-post","status-publish","format-standard","has-post-thumbnail","hentry","category-estado"],"jetpack_featured_media_url":"https:\/\/encuentroinformativo.com.mx\/wp-content\/uploads\/2022\/07\/B7A68092-90FA-4966-BA7A-124F7D49065F.jpeg","jetpack_sharing_enabled":true,"jetpack_likes_enabled":true,"amp_enabled":true,"_links":{"self":[{"href":"https:\/\/encuentroinformativo.com.mx\/index.php?rest_route=\/wp\/v2\/posts\/34571","targetHints":{"allow":["GET"]}}],"collection":[{"href":"https:\/\/encuentroinformativo.com.mx\/index.php?rest_route=\/wp\/v2\/posts"}],"about":[{"href":"https:\/\/encuentroinformativo.com.mx\/index.php?rest_route=\/wp\/v2\/types\/post"}],"author":[{"embeddable":true,"href":"https:\/\/encuentroinformativo.com.mx\/index.php?rest_route=\/wp\/v2\/users\/1"}],"replies":[{"embeddable":true,"href":"https:\/\/encuentroinformativo.com.mx\/index.php?rest_route=%2Fwp%2Fv2%2Fcomments&post=34571"}],"version-history":[{"count":1,"href":"https:\/\/encuentroinformativo.com.mx\/index.php?rest_route=\/wp\/v2\/posts\/34571\/revisions"}],"predecessor-version":[{"id":34572,"href":"https:\/\/encuentroinformativo.com.mx\/index.php?rest_route=\/wp\/v2\/posts\/34571\/revisions\/34572"}],"wp:featuredmedia":[{"embeddable":true,"href":"https:\/\/encuentroinformativo.com.mx\/index.php?rest_route=\/wp\/v2\/media\/29975"}],"wp:attachment":[{"href":"https:\/\/encuentroinformativo.com.mx\/index.php?rest_route=%2Fwp%2Fv2%2Fmedia&parent=34571"}],"wp:term":[{"taxonomy":"category","embeddable":true,"href":"https:\/\/encuentroinformativo.com.mx\/index.php?rest_route=%2Fwp%2Fv2%2Fcategories&post=34571"},{"taxonomy":"post_tag","embeddable":true,"href":"https:\/\/encuentroinformativo.com.mx\/index.php?rest_route=%2Fwp%2Fv2%2Ftags&post=34571"}],"curies":[{"name":"wp","href":"https:\/\/api.w.org\/{rel}","templated":true}]}}