{"id":34576,"date":"2022-12-18T17:51:29","date_gmt":"2022-12-18T23:51:29","guid":{"rendered":"https:\/\/encuentroinformativo.com.mx\/?p=34576"},"modified":"2022-12-18T17:51:33","modified_gmt":"2022-12-18T23:51:33","slug":"naolinco-y-misantla-buscan-ser-pueblos-magicos","status":"publish","type":"post","link":"https:\/\/encuentroinformativo.com.mx\/?p=34576","title":{"rendered":"Naolinco y Misantla buscan ser Pueblos M\u00e1gicos"},"content":{"rendered":"\n<p><strong>Juan Arcos<\/strong><\/p>\n\n\n\n<p>Xalapa, Ver.- Los municipios de Misantla y Naolinco buscar\u00e1n nuevamente el nombramiento de Pueblo M\u00e1gico al tratarse de importantes atractivos tur\u00edsticos en el estado de Veracruz.<\/p>\n\n\n\n<p>As\u00ed lo inform\u00f3 el titular de la Secretar\u00eda de Turismo y Cultura (Sectur), Iv\u00e1n Francisco Mart\u00ednez Olvera, quien adem\u00e1s a\u00f1adi\u00f3 que en abril de 2023 ser\u00e1 lanzada la convocatoria federal.<\/p>\n\n\n\n<p>El funcionario estatal record\u00f3 que ambos municipios mencionados han buscado la denominaci\u00f3n durante varios a\u00f1os. Por tal motivo, se han esforzado en cumplir los requisitos para lograr el nombramiento correspondiente.<\/p>\n\n\n\n<p>\u201cNaolinco y Misantla est\u00e1n compitiendo muy fuerte para tener la denominaci\u00f3n de Pueblo M\u00e1gico, obviamente son muchos requisitos y la convocatoria sale en abril y una vez que salga se tendr\u00e1n que reunir los requisitos\u201d, expres\u00f3.<\/p>\n\n\n\n<p>Mart\u00ednez Olvera record\u00f3 que en el a\u00f1o 2024 la Secretar\u00eda de Turismo federal dar\u00e1 a conocer los nombramientos.<\/p>\n\n\n\n<p>Adem\u00e1s, el Secretario de Turismo en Veracruz reconoci\u00f3 que Naolinco y Misantla tienen altas posibilidades de ser pueblos m\u00e1gicos.<\/p>\n\n\n\n<p>Agreg\u00f3 que en la entidad hay otros municipios que tienen la intenci\u00f3n, pero los requisitos son varios y complejos, por lo que en este momento ser\u00eda complicado.<\/p>\n\n\n\n<p>Por otra parte, indic\u00f3 que se ha modificado el esquema de apoyo a los pueblos m\u00e1gicos, pues ahora se brindan estrategias de difusi\u00f3n para posicionarlos a nivel nacional como importantes destinos tur\u00edsticos.<\/p>\n","protected":false},"excerpt":{"rendered":"<p>Juan Arcos Xalapa, Ver.- Los municipios de Misantla y Naolinco buscar\u00e1n nuevamente el nombramiento de Pueblo M\u00e1gico al tratarse de importantes atractivos tur\u00edsticos en el estado de Veracruz. As\u00ed lo inform\u00f3 el titular de la Secretar\u00eda de Turismo y Cultura (Sectur), Iv\u00e1n Francisco Mart\u00ednez Olvera, quien adem\u00e1s a\u00f1adi\u00f3 que en abril de 2023 ser\u00e1 lanzada [&hellip;]<\/p>\n","protected":false},"author":1,"featured_media":34577,"comment_status":"open","ping_status":"open","sticky":false,"template":"","format":"standard","meta":{"_jetpack_memberships_contains_paid_content":false,"footnotes":""},"categories":[2],"tags":[],"class_list":["post-34576","post","type-post","status-publish","format-standard","has-post-thumbnail","hentry","category-estado"],"jetpack_featured_media_url":"https:\/\/encuentroinformativo.com.mx\/wp-content\/uploads\/2022\/12\/A506C6BC-D015-46C5-BCAC-771D2A2AEF93.jpeg","jetpack_sharing_enabled":true,"jetpack_likes_enabled":true,"amp_enabled":true,"_links":{"self":[{"href":"https:\/\/encuentroinformativo.com.mx\/index.php?rest_route=\/wp\/v2\/posts\/34576","targetHints":{"allow":["GET"]}}],"collection":[{"href":"https:\/\/encuentroinformativo.com.mx\/index.php?rest_route=\/wp\/v2\/posts"}],"about":[{"href":"https:\/\/encuentroinformativo.com.mx\/index.php?rest_route=\/wp\/v2\/types\/post"}],"author":[{"embeddable":true,"href":"https:\/\/encuentroinformativo.com.mx\/index.php?rest_route=\/wp\/v2\/users\/1"}],"replies":[{"embeddable":true,"href":"https:\/\/encuentroinformativo.com.mx\/index.php?rest_route=%2Fwp%2Fv2%2Fcomments&post=34576"}],"version-history":[{"count":1,"href":"https:\/\/encuentroinformativo.com.mx\/index.php?rest_route=\/wp\/v2\/posts\/34576\/revisions"}],"predecessor-version":[{"id":34578,"href":"https:\/\/encuentroinformativo.com.mx\/index.php?rest_route=\/wp\/v2\/posts\/34576\/revisions\/34578"}],"wp:featuredmedia":[{"embeddable":true,"href":"https:\/\/encuentroinformativo.com.mx\/index.php?rest_route=\/wp\/v2\/media\/34577"}],"wp:attachment":[{"href":"https:\/\/encuentroinformativo.com.mx\/index.php?rest_route=%2Fwp%2Fv2%2Fmedia&parent=34576"}],"wp:term":[{"taxonomy":"category","embeddable":true,"href":"https:\/\/encuentroinformativo.com.mx\/index.php?rest_route=%2Fwp%2Fv2%2Fcategories&post=34576"},{"taxonomy":"post_tag","embeddable":true,"href":"https:\/\/encuentroinformativo.com.mx\/index.php?rest_route=%2Fwp%2Fv2%2Ftags&post=34576"}],"curies":[{"name":"wp","href":"https:\/\/api.w.org\/{rel}","templated":true}]}}