{"id":34579,"date":"2022-12-18T17:58:45","date_gmt":"2022-12-18T23:58:45","guid":{"rendered":"https:\/\/encuentroinformativo.com.mx\/?p=34579"},"modified":"2022-12-18T17:58:49","modified_gmt":"2022-12-18T23:58:49","slug":"cesan-tres-docentes-por-acoso-en-la-uv","status":"publish","type":"post","link":"https:\/\/encuentroinformativo.com.mx\/?p=34579","title":{"rendered":"Cesan tres docentes por acoso en la UV"},"content":{"rendered":"\n<p><strong>Juan Arcos<\/strong> <\/p>\n\n\n\n<p>Xalapa, Ver.- Pese a que existen decenas de casos de acoso sexual contra estudiantes en la Universidad Veracruzana (UV), s\u00f3lo fueron cesados tres docentes se\u00f1alados de ejercer esta violencia contra las alumnas o alumnos.<\/p>\n\n\n\n<p>As\u00ed lo confirm\u00f3 el rector de la m\u00e1xima casa de estudios del estado, Mart\u00edn Aguilar S\u00e1nchez, quien a\u00f1adi\u00f3 que se ha dado seguimiento a la problem\u00e1tica.<\/p>\n\n\n\n<p>Sin embargo, en meses pasados, los estudiantes llevaron a cabo una serie de protestas para denunciar casos de acoso sexual en diversas facultades de las distintas regiones de la Universidad Veracruzana.<\/p>\n\n\n\n<p>Lo que ocasion\u00f3 esta inconformidad fue la falta de sanciones contra profesores y estudiantes que han sido denunciados por dicho delito.<\/p>\n\n\n\n<p>El Rector refiri\u00f3 que se han aplicado sanciones, que van desde la amonestaci\u00f3n y suspensi\u00f3n hasta el cese definitivo.<\/p>\n\n\n\n<p>\u201cNo les tengo las cifras, pero en general, ha habido en algunas regiones de la Universidad, sabemos que es una problem\u00e1tica en la que vamos avanzando\u201d, asegur\u00f3.<\/p>\n\n\n\n<p>Tan solo en la Facultad de Psicolog\u00eda, campus Xalapa, han sido varios las denuncias por acoso sexual contra docentes y algunos casos siguen impunes.<\/p>\n\n\n\n<p>\u201cSo tres rescisiones (de contrato), de septiembre del 2021 a septiembre del 2022, y ha habido varias suspensiones y varias amonestaciones\u201d, enfatiz\u00f3 Aguilar S\u00e1nchez.<\/p>\n\n\n\n<p>El acad\u00e9mico tambi\u00e9n admiti\u00f3 que a\u00fan no se concluye la actualizaci\u00f3n de los reglamentos para combatir la violencia de g\u00e9nero al interior de la UV.<\/p>\n\n\n\n<p>Adelant\u00f3 que se trata de un procedimiento que podr\u00eda demorar todo el a\u00f1o 2023, pues justific\u00f3 que las modificaciones deben ser avaladas por el Consejo Estudiantil.<\/p>\n","protected":false},"excerpt":{"rendered":"<p>Juan Arcos Xalapa, Ver.- Pese a que existen decenas de casos de acoso sexual contra estudiantes en la Universidad Veracruzana (UV), s\u00f3lo fueron cesados tres docentes se\u00f1alados de ejercer esta violencia contra las alumnas o alumnos. As\u00ed lo confirm\u00f3 el rector de la m\u00e1xima casa de estudios del estado, Mart\u00edn Aguilar S\u00e1nchez, quien a\u00f1adi\u00f3 que [&hellip;]<\/p>\n","protected":false},"author":1,"featured_media":34580,"comment_status":"open","ping_status":"open","sticky":false,"template":"","format":"standard","meta":{"_jetpack_memberships_contains_paid_content":false,"footnotes":""},"categories":[2],"tags":[],"class_list":["post-34579","post","type-post","status-publish","format-standard","has-post-thumbnail","hentry","category-estado"],"jetpack_featured_media_url":"https:\/\/encuentroinformativo.com.mx\/wp-content\/uploads\/2022\/12\/D13072CA-565A-4A6B-AB2B-5E68A58842C0.jpeg","jetpack_sharing_enabled":true,"jetpack_likes_enabled":true,"amp_enabled":true,"_links":{"self":[{"href":"https:\/\/encuentroinformativo.com.mx\/index.php?rest_route=\/wp\/v2\/posts\/34579","targetHints":{"allow":["GET"]}}],"collection":[{"href":"https:\/\/encuentroinformativo.com.mx\/index.php?rest_route=\/wp\/v2\/posts"}],"about":[{"href":"https:\/\/encuentroinformativo.com.mx\/index.php?rest_route=\/wp\/v2\/types\/post"}],"author":[{"embeddable":true,"href":"https:\/\/encuentroinformativo.com.mx\/index.php?rest_route=\/wp\/v2\/users\/1"}],"replies":[{"embeddable":true,"href":"https:\/\/encuentroinformativo.com.mx\/index.php?rest_route=%2Fwp%2Fv2%2Fcomments&post=34579"}],"version-history":[{"count":1,"href":"https:\/\/encuentroinformativo.com.mx\/index.php?rest_route=\/wp\/v2\/posts\/34579\/revisions"}],"predecessor-version":[{"id":34581,"href":"https:\/\/encuentroinformativo.com.mx\/index.php?rest_route=\/wp\/v2\/posts\/34579\/revisions\/34581"}],"wp:featuredmedia":[{"embeddable":true,"href":"https:\/\/encuentroinformativo.com.mx\/index.php?rest_route=\/wp\/v2\/media\/34580"}],"wp:attachment":[{"href":"https:\/\/encuentroinformativo.com.mx\/index.php?rest_route=%2Fwp%2Fv2%2Fmedia&parent=34579"}],"wp:term":[{"taxonomy":"category","embeddable":true,"href":"https:\/\/encuentroinformativo.com.mx\/index.php?rest_route=%2Fwp%2Fv2%2Fcategories&post=34579"},{"taxonomy":"post_tag","embeddable":true,"href":"https:\/\/encuentroinformativo.com.mx\/index.php?rest_route=%2Fwp%2Fv2%2Ftags&post=34579"}],"curies":[{"name":"wp","href":"https:\/\/api.w.org\/{rel}","templated":true}]}}