{"id":34585,"date":"2022-12-19T11:49:38","date_gmt":"2022-12-19T17:49:38","guid":{"rendered":"https:\/\/encuentroinformativo.com.mx\/?p=34585"},"modified":"2022-12-19T11:49:41","modified_gmt":"2022-12-19T17:49:41","slug":"triste-navidad-para-integrantes-de-colectivos-de-busqueda","status":"publish","type":"post","link":"https:\/\/encuentroinformativo.com.mx\/?p=34585","title":{"rendered":"\u2018Triste navidad\u2019 para integrantes de colectivos de b\u00fasqueda"},"content":{"rendered":"\n<p><strong>Juan Arcos<\/strong><\/p>\n\n\n\n<p>Xalapa, Ver.- Familiares de personas desaparecidas se manifestaron en Plaza Sebasti\u00e1n Lerdo de Tejada, en el centro de esta ciudad de Xalapa, donde comentaron que a\u00f1o tras a\u00f1o pasan una \u201ctriste Navidad\u201d por la ausencia de sus seres queridos.<\/p>\n\n\n\n<p>Los integrantes del Colectivos Familiares Enlaces Xalapa colocaron fotograf\u00edas de sus parientes que no han sido localizados y bordaron sus nombres bajo una carpa que montaron sobre la plaza p\u00fablica.<\/p>\n\n\n\n<p>Entre flores nochebuenas, se observaban tambi\u00e9n decenas de fichas de desaparecidos que ha emitido la Comisi\u00f3n Estatal de B\u00fasqueda para su localizaci\u00f3n.<\/p>\n\n\n\n<p>De acuerdo con Victoria Delgadillo Romero, integrante de dicho colectivo, un mayor n\u00famero de familias pasar\u00e1n una navidad buscando a sus hijos, toda vez que los casos de desaparecidos han repuntado en comparaci\u00f3n con otros a\u00f1os.<\/p>\n\n\n\n<p>Indic\u00f3 que se proyectar\u00eda un video donde se exhiben las actividades que realizan para la b\u00fasqueda de sus seres queridos, mismas que no suspenden ni durante las fiestas decembrinas.<\/p>\n\n\n\n<p>\u201cEstamos aqu\u00ed otra a\u00f1o m\u00e1s, otra navidad m\u00e1s sin ellos. Se trasmite un video de todo lo que hacemos para buscar a nuestros hijos y vamos a estar aqu\u00ed\u201d, expres\u00f3.<\/p>\n\n\n\n<p>La activista mencion\u00f3 que contin\u00faan las b\u00fasquedas en fosas clandestinas y en barrancas con la localizaci\u00f3n de restos humanos; sin embargo, hay un importante rezago en las identificaciones.<\/p>\n\n\n\n<p>Delgadillo Romero opin\u00f3 que el Centro de Identificaci\u00f3n, habilitado en el municipio de Nogales, no ha agilizado las identificaciones de los cuerpos que han sido encontrados.<\/p>\n\n\n\n<p>\u201cNo est\u00e1 funcionando o es porque de verdad ya rebasamos tantos recuperados. No tengo el dato del rezago, pero hay much\u00edsimo rezago\u201d, expres\u00f3.<\/p>\n\n\n\n<p>Victoria busca a su hija Yunery Citlally Hern\u00e1ndez Delgadillo, quien ten\u00eda 26 a\u00f1os cuando y desapareci\u00f3 en noviembre de 2011, junto con otras j\u00f3venes que hab\u00edan sido invitadas a un evento.<\/p>\n","protected":false},"excerpt":{"rendered":"<p>Juan Arcos Xalapa, Ver.- Familiares de personas desaparecidas se manifestaron en Plaza Sebasti\u00e1n Lerdo de Tejada, en el centro de esta ciudad de Xalapa, donde comentaron que a\u00f1o tras a\u00f1o pasan una \u201ctriste Navidad\u201d por la ausencia de sus seres queridos. Los integrantes del Colectivos Familiares Enlaces Xalapa colocaron fotograf\u00edas de sus parientes que no [&hellip;]<\/p>\n","protected":false},"author":1,"featured_media":34586,"comment_status":"open","ping_status":"open","sticky":false,"template":"","format":"standard","meta":{"_jetpack_memberships_contains_paid_content":false,"footnotes":""},"categories":[3],"tags":[],"class_list":["post-34585","post","type-post","status-publish","format-standard","has-post-thumbnail","hentry","category-xalapa"],"jetpack_featured_media_url":"https:\/\/encuentroinformativo.com.mx\/wp-content\/uploads\/2022\/12\/AEADED4A-DB50-4ACB-9D49-F6CB6EF6A3CD.jpeg","jetpack_sharing_enabled":true,"jetpack_likes_enabled":true,"amp_enabled":true,"_links":{"self":[{"href":"https:\/\/encuentroinformativo.com.mx\/index.php?rest_route=\/wp\/v2\/posts\/34585","targetHints":{"allow":["GET"]}}],"collection":[{"href":"https:\/\/encuentroinformativo.com.mx\/index.php?rest_route=\/wp\/v2\/posts"}],"about":[{"href":"https:\/\/encuentroinformativo.com.mx\/index.php?rest_route=\/wp\/v2\/types\/post"}],"author":[{"embeddable":true,"href":"https:\/\/encuentroinformativo.com.mx\/index.php?rest_route=\/wp\/v2\/users\/1"}],"replies":[{"embeddable":true,"href":"https:\/\/encuentroinformativo.com.mx\/index.php?rest_route=%2Fwp%2Fv2%2Fcomments&post=34585"}],"version-history":[{"count":1,"href":"https:\/\/encuentroinformativo.com.mx\/index.php?rest_route=\/wp\/v2\/posts\/34585\/revisions"}],"predecessor-version":[{"id":34587,"href":"https:\/\/encuentroinformativo.com.mx\/index.php?rest_route=\/wp\/v2\/posts\/34585\/revisions\/34587"}],"wp:featuredmedia":[{"embeddable":true,"href":"https:\/\/encuentroinformativo.com.mx\/index.php?rest_route=\/wp\/v2\/media\/34586"}],"wp:attachment":[{"href":"https:\/\/encuentroinformativo.com.mx\/index.php?rest_route=%2Fwp%2Fv2%2Fmedia&parent=34585"}],"wp:term":[{"taxonomy":"category","embeddable":true,"href":"https:\/\/encuentroinformativo.com.mx\/index.php?rest_route=%2Fwp%2Fv2%2Fcategories&post=34585"},{"taxonomy":"post_tag","embeddable":true,"href":"https:\/\/encuentroinformativo.com.mx\/index.php?rest_route=%2Fwp%2Fv2%2Ftags&post=34585"}],"curies":[{"name":"wp","href":"https:\/\/api.w.org\/{rel}","templated":true}]}}