{"id":34591,"date":"2022-12-19T13:40:46","date_gmt":"2022-12-19T19:40:46","guid":{"rendered":"https:\/\/encuentroinformativo.com.mx\/?p=34591"},"modified":"2022-12-19T13:40:50","modified_gmt":"2022-12-19T19:40:50","slug":"padre-golpea-a-su-hija-de-2-meses-de-nacida-lucha-por-su-vida","status":"publish","type":"post","link":"https:\/\/encuentroinformativo.com.mx\/?p=34591","title":{"rendered":"Padre golpea a su hija de 2 meses de nacida, lucha por su vida"},"content":{"rendered":"\n<p><strong>Alejandro \u00c1vila<\/strong><\/p>\n\n\n\n<p>Veracruz, Ver.- En la Torre Pedi\u00e1trica de Veracruz, una beb\u00e9 de solo dos meses de nacida lucha por su vida, tras ser v\u00edctima de maltratos f\u00edsicos por parte de su padre.<\/p>\n\n\n\n<p>La peque\u00f1a Dafne &#8220;N&#8221; yace inconsciente en el tercer piso de terapia intensiva luego de que su pap\u00e1 identificado como Ismael &#8220;N&#8221; la golpeara desde hac\u00eda un mes, por lo que ya es buscado por las autoridades.<\/p>\n\n\n\n<p>La mam\u00e1 de la beb\u00e9, Ariana &#8220;N&#8221; dio a conocer que desde que estaba embarazada el se\u00f1alado la maltrataba psicol\u00f3gica y f\u00edsicamente, pero no pudo denunciar por temor ya que la ten\u00eda bajo amenazas.<\/p>\n\n\n\n<p>En d\u00edas pasados Ismael &#8220;N&#8221; se hart\u00f3 de escuchar a la bebe llorar, por lo que se la arrebat\u00f3 a la mam\u00e1, la acost\u00f3 en la cama boca abajo y le puso todo su peso encima con las manos hasta que le tron\u00f3 la espalda.<\/p>\n\n\n\n<p>Pasaron un par de d\u00edas y los pap\u00e1s del se\u00f1alado se dieron cuenta de que la menor estaba muy mal, pues se encontraba p\u00e1lida y le vieron deformidades en el cuerpo, por lo que la llevaron al hospital, pese a que el individuo no lo permit\u00eda.<\/p>\n\n\n\n<p>Cabe se\u00f1alar que tambi\u00e9n le rompi\u00f3 el acta de nacimiento y otros papeles de la beb\u00e9, por lo que luego de internarla ahora no le dan informes de su estado de salud al no poder acreditar su parentesco.<\/p>\n","protected":false},"excerpt":{"rendered":"<p>Alejandro \u00c1vila Veracruz, Ver.- En la Torre Pedi\u00e1trica de Veracruz, una beb\u00e9 de solo dos meses de nacida lucha por su vida, tras ser v\u00edctima de maltratos f\u00edsicos por parte de su padre. La peque\u00f1a Dafne &#8220;N&#8221; yace inconsciente en el tercer piso de terapia intensiva luego de que su pap\u00e1 identificado como Ismael &#8220;N&#8221; [&hellip;]<\/p>\n","protected":false},"author":1,"featured_media":34592,"comment_status":"open","ping_status":"open","sticky":false,"template":"","format":"standard","meta":{"_jetpack_memberships_contains_paid_content":false,"footnotes":""},"categories":[2],"tags":[],"class_list":["post-34591","post","type-post","status-publish","format-standard","has-post-thumbnail","hentry","category-estado"],"jetpack_featured_media_url":"https:\/\/encuentroinformativo.com.mx\/wp-content\/uploads\/2022\/12\/732B9CFF-7B15-4849-A997-C962F3A336D8.jpeg","jetpack_sharing_enabled":true,"jetpack_likes_enabled":true,"amp_enabled":true,"_links":{"self":[{"href":"https:\/\/encuentroinformativo.com.mx\/index.php?rest_route=\/wp\/v2\/posts\/34591","targetHints":{"allow":["GET"]}}],"collection":[{"href":"https:\/\/encuentroinformativo.com.mx\/index.php?rest_route=\/wp\/v2\/posts"}],"about":[{"href":"https:\/\/encuentroinformativo.com.mx\/index.php?rest_route=\/wp\/v2\/types\/post"}],"author":[{"embeddable":true,"href":"https:\/\/encuentroinformativo.com.mx\/index.php?rest_route=\/wp\/v2\/users\/1"}],"replies":[{"embeddable":true,"href":"https:\/\/encuentroinformativo.com.mx\/index.php?rest_route=%2Fwp%2Fv2%2Fcomments&post=34591"}],"version-history":[{"count":1,"href":"https:\/\/encuentroinformativo.com.mx\/index.php?rest_route=\/wp\/v2\/posts\/34591\/revisions"}],"predecessor-version":[{"id":34593,"href":"https:\/\/encuentroinformativo.com.mx\/index.php?rest_route=\/wp\/v2\/posts\/34591\/revisions\/34593"}],"wp:featuredmedia":[{"embeddable":true,"href":"https:\/\/encuentroinformativo.com.mx\/index.php?rest_route=\/wp\/v2\/media\/34592"}],"wp:attachment":[{"href":"https:\/\/encuentroinformativo.com.mx\/index.php?rest_route=%2Fwp%2Fv2%2Fmedia&parent=34591"}],"wp:term":[{"taxonomy":"category","embeddable":true,"href":"https:\/\/encuentroinformativo.com.mx\/index.php?rest_route=%2Fwp%2Fv2%2Fcategories&post=34591"},{"taxonomy":"post_tag","embeddable":true,"href":"https:\/\/encuentroinformativo.com.mx\/index.php?rest_route=%2Fwp%2Fv2%2Ftags&post=34591"}],"curies":[{"name":"wp","href":"https:\/\/api.w.org\/{rel}","templated":true}]}}