{"id":34597,"date":"2022-12-19T13:47:20","date_gmt":"2022-12-19T19:47:20","guid":{"rendered":"https:\/\/encuentroinformativo.com.mx\/?p=34597"},"modified":"2022-12-19T13:47:23","modified_gmt":"2022-12-19T19:47:23","slug":"celebra-brenda-recuperacion-de-su-bebe","status":"publish","type":"post","link":"https:\/\/encuentroinformativo.com.mx\/?p=34597","title":{"rendered":"Celebra Brenda recuperaci\u00f3n de su beb\u00e9"},"content":{"rendered":"\n<p><strong>Alejandro \u00c1vila<\/strong><\/p>\n\n\n\n<p>Veracruz, Ver.- Tres meses de dolor, sufrimiento y angustias tuvo que pasar Brenda Lizbeth Canch\u00e9 Casta\u00f1eda, madre a la que le fue robado su peque\u00f1o a 17 d\u00edas de nacido.<\/p>\n\n\n\n<p>El pasado s\u00e1bado, el DIF municipal de Boca del R\u00edo hizo entrega del peque\u00f1o a la madre de familia.<\/p>\n\n\n\n<p>Cabe recordar qu\u00e9 la abuela paterna del menor rob\u00f3 al reci\u00e9n nacido y lo registro con sus apellidos, para luego desaparecer, por lo que la madre, Brenda Lizbeth, interpuso una denuncia ante la Fiscal\u00eda General del Estado de Veracruz.<\/p>\n\n\n\n<p>&#8220;S\u00ed desde el inicio lo estaba planeando, le hac\u00eda creer a su novio que estaba embarazada, y cuando tuve a mi hijo le hizo creer que ella lo hab\u00eda tenido, que lo hab\u00eda tenido a los 7 meses, mi hijo pes\u00f3 3 kilos 400, y el se\u00f1or crey\u00f3 en ella (\u2026) por lo que tengo entendido, incluso le mostr\u00f3 una foto a \u00e9l durante mi embarazo, ella le tom\u00f3 la foto a un escrito, de miomas, de un chequeo de miomas de ella, d\u00f3nde aparece su nombre y su edad, y arriba tapando el escrito aparec\u00edan fotos de un ultrasonido, no s\u00e9 de d\u00f3nde lo agarr\u00f3, sepa de qui\u00e9n, y le hizo creer que era un ultrasonido de ella, de su embarazo, pero pues era de miomas por lo que se logra ver&#8221;, se\u00f1al\u00f3.<\/p>\n\n\n\n<p>Brenda Lizbeth dijo que la Fiscal\u00eda General de Veracruz poco hab\u00eda hecho sobre su denuncia, hasta que el caso se hizo medi\u00e1tico y d\u00edas despu\u00e9s le fue informado que el peque\u00f1o se encontraba bajo el resguardo del DIF municipal de Boca del R\u00edo en la casa Santa Ana, por lo que el pasado s\u00e1bado le fue devuelto su beb\u00e9.<\/p>\n\n\n\n<p>&#8220;A la manera de que se hizo p\u00fablico, s\u00ed salieron varias personas, sali\u00f3 una nuera suya qu\u00e9 anteriormente ten\u00eda, que igual le intent\u00f3 hacer lo mismo, por lo cual tiene antecedentes penales por secuestro, la se\u00f1ora, poco a poco ahora s\u00ed que yo siento que investigue m\u00e1s que la Fiscal\u00eda, y entregue lo que ten\u00eda que entregar, y yo no entend\u00eda porque no hab\u00edan arrestado a la se\u00f1ora, pero pues me dec\u00edan, es que es un proceso y as\u00ed (\u2026) no, no la arrestaron, por lo que tengo entendido cancelaron lo de la retenci\u00f3n de ella o algo as\u00ed&#8221;, culmin\u00f3.<\/p>\n","protected":false},"excerpt":{"rendered":"<p>Alejandro \u00c1vila Veracruz, Ver.- Tres meses de dolor, sufrimiento y angustias tuvo que pasar Brenda Lizbeth Canch\u00e9 Casta\u00f1eda, madre a la que le fue robado su peque\u00f1o a 17 d\u00edas de nacido. El pasado s\u00e1bado, el DIF municipal de Boca del R\u00edo hizo entrega del peque\u00f1o a la madre de familia. Cabe recordar qu\u00e9 la [&hellip;]<\/p>\n","protected":false},"author":1,"featured_media":34598,"comment_status":"open","ping_status":"open","sticky":false,"template":"","format":"standard","meta":{"_jetpack_memberships_contains_paid_content":false,"footnotes":""},"categories":[2],"tags":[],"class_list":["post-34597","post","type-post","status-publish","format-standard","has-post-thumbnail","hentry","category-estado"],"jetpack_featured_media_url":"https:\/\/encuentroinformativo.com.mx\/wp-content\/uploads\/2022\/12\/D317D39A-3599-4994-90FD-8228F13948F0.jpeg","jetpack_sharing_enabled":true,"jetpack_likes_enabled":true,"amp_enabled":true,"_links":{"self":[{"href":"https:\/\/encuentroinformativo.com.mx\/index.php?rest_route=\/wp\/v2\/posts\/34597","targetHints":{"allow":["GET"]}}],"collection":[{"href":"https:\/\/encuentroinformativo.com.mx\/index.php?rest_route=\/wp\/v2\/posts"}],"about":[{"href":"https:\/\/encuentroinformativo.com.mx\/index.php?rest_route=\/wp\/v2\/types\/post"}],"author":[{"embeddable":true,"href":"https:\/\/encuentroinformativo.com.mx\/index.php?rest_route=\/wp\/v2\/users\/1"}],"replies":[{"embeddable":true,"href":"https:\/\/encuentroinformativo.com.mx\/index.php?rest_route=%2Fwp%2Fv2%2Fcomments&post=34597"}],"version-history":[{"count":1,"href":"https:\/\/encuentroinformativo.com.mx\/index.php?rest_route=\/wp\/v2\/posts\/34597\/revisions"}],"predecessor-version":[{"id":34599,"href":"https:\/\/encuentroinformativo.com.mx\/index.php?rest_route=\/wp\/v2\/posts\/34597\/revisions\/34599"}],"wp:featuredmedia":[{"embeddable":true,"href":"https:\/\/encuentroinformativo.com.mx\/index.php?rest_route=\/wp\/v2\/media\/34598"}],"wp:attachment":[{"href":"https:\/\/encuentroinformativo.com.mx\/index.php?rest_route=%2Fwp%2Fv2%2Fmedia&parent=34597"}],"wp:term":[{"taxonomy":"category","embeddable":true,"href":"https:\/\/encuentroinformativo.com.mx\/index.php?rest_route=%2Fwp%2Fv2%2Fcategories&post=34597"},{"taxonomy":"post_tag","embeddable":true,"href":"https:\/\/encuentroinformativo.com.mx\/index.php?rest_route=%2Fwp%2Fv2%2Ftags&post=34597"}],"curies":[{"name":"wp","href":"https:\/\/api.w.org\/{rel}","templated":true}]}}