{"id":34600,"date":"2022-12-19T14:01:00","date_gmt":"2022-12-19T20:01:00","guid":{"rendered":"https:\/\/encuentroinformativo.com.mx\/?p=34600"},"modified":"2022-12-19T14:01:04","modified_gmt":"2022-12-19T20:01:04","slug":"transnacionales-controlan-la-cafeticultura-acusan-productores","status":"publish","type":"post","link":"https:\/\/encuentroinformativo.com.mx\/?p=34600","title":{"rendered":"Transnacionales controlan la cafeticultura, acusan productores"},"content":{"rendered":"\n<p><strong>Juan Arcos <\/strong><\/p>\n\n\n\n<p>Xalapa, Ver.- Cafeticultores de Veracruz denunciaron que M\u00e9xico es uno de los \u00fanicos pa\u00edses donde se produce el arom\u00e1tico pero son mayores las importaciones y, por ende, el consumo de productos for\u00e1neos.<\/p>\n\n\n\n<p>As\u00ed lo revel\u00f3 Cirio Ruiz Gonz\u00e1lez, presidente del Consejo Regional del Caf\u00e9 de Coatepec, quien tambi\u00e9n se desempe\u00f1a como integrante de la Confederaci\u00f3n Nacional de Organizaciones Cafetaleras (CNOC).<\/p>\n\n\n\n<p>Detall\u00f3 que en la Rep\u00fablica Mexicana, los productores han sido afectados por d\u00e9cadas tras las importaciones de caf\u00e9 sin ninguna regulaci\u00f3n por parte de las autoridades federales.<\/p>\n\n\n\n<p>\u201cHay cosas que en M\u00e9xico se pueden hacer pero no se quieren hacer. Llevamos d\u00e9cadas con importaciones inadecuadas, pudiendo abastecer con caf\u00e9 propio el mercado nacional, alcanzar\u00eda y aumentar\u00eda el consumo si la gente tambi\u00e9n estuviera consciente de esto\u201d, indic\u00f3.<\/p>\n\n\n\n<p>El entrevistado refiri\u00f3 que se busca una nueva Ley del Caf\u00e9 que realmente impida que la cafeticultura mexicana sea entregada a pocas empresas transnacionales.<\/p>\n\n\n\n<p>\u201cHay que ver las respuestas que ha habido del Senado, que no han sido muy favorables, aunque s\u00ed hubo un acuerdo de las fracciones parlamentarias\u201d, a\u00f1adi\u00f3.<\/p>\n\n\n\n<p>Cabe recordar que el sector productor de caf\u00e9 elabor\u00f3 conjuntamente con la senadora Susana Harp Iturribarr\u00eda, de Oaxaca, un proyecto de nueva ley para el caf\u00e9 que fue presentado en la C\u00e1mara de Senadores.<\/p>\n\n\n\n<p>Sin embargo, \u00e9sta no fue aprobada y avalada por el Senado de la Rep\u00fablica durante el periodo de sesiones que concluy\u00f3 el pasado 15 de diciembre.<\/p>\n\n\n\n<p>Este lunes 19 de diciembre, los cafeticultores realizaron un foro sobre la Ley del Caf\u00e9 en el municipio de Coatepec donde expusieron dicha problem\u00e1tica.<\/p>\n","protected":false},"excerpt":{"rendered":"<p>Juan Arcos Xalapa, Ver.- Cafeticultores de Veracruz denunciaron que M\u00e9xico es uno de los \u00fanicos pa\u00edses donde se produce el arom\u00e1tico pero son mayores las importaciones y, por ende, el consumo de productos for\u00e1neos. As\u00ed lo revel\u00f3 Cirio Ruiz Gonz\u00e1lez, presidente del Consejo Regional del Caf\u00e9 de Coatepec, quien tambi\u00e9n se desempe\u00f1a como integrante de [&hellip;]<\/p>\n","protected":false},"author":1,"featured_media":34601,"comment_status":"open","ping_status":"open","sticky":false,"template":"","format":"standard","meta":{"_jetpack_memberships_contains_paid_content":false,"footnotes":""},"categories":[2],"tags":[],"class_list":["post-34600","post","type-post","status-publish","format-standard","has-post-thumbnail","hentry","category-estado"],"jetpack_featured_media_url":"https:\/\/encuentroinformativo.com.mx\/wp-content\/uploads\/2022\/12\/782848C0-CABE-4628-9C30-1F6904705401.jpeg","jetpack_sharing_enabled":true,"jetpack_likes_enabled":true,"amp_enabled":true,"_links":{"self":[{"href":"https:\/\/encuentroinformativo.com.mx\/index.php?rest_route=\/wp\/v2\/posts\/34600","targetHints":{"allow":["GET"]}}],"collection":[{"href":"https:\/\/encuentroinformativo.com.mx\/index.php?rest_route=\/wp\/v2\/posts"}],"about":[{"href":"https:\/\/encuentroinformativo.com.mx\/index.php?rest_route=\/wp\/v2\/types\/post"}],"author":[{"embeddable":true,"href":"https:\/\/encuentroinformativo.com.mx\/index.php?rest_route=\/wp\/v2\/users\/1"}],"replies":[{"embeddable":true,"href":"https:\/\/encuentroinformativo.com.mx\/index.php?rest_route=%2Fwp%2Fv2%2Fcomments&post=34600"}],"version-history":[{"count":1,"href":"https:\/\/encuentroinformativo.com.mx\/index.php?rest_route=\/wp\/v2\/posts\/34600\/revisions"}],"predecessor-version":[{"id":34602,"href":"https:\/\/encuentroinformativo.com.mx\/index.php?rest_route=\/wp\/v2\/posts\/34600\/revisions\/34602"}],"wp:featuredmedia":[{"embeddable":true,"href":"https:\/\/encuentroinformativo.com.mx\/index.php?rest_route=\/wp\/v2\/media\/34601"}],"wp:attachment":[{"href":"https:\/\/encuentroinformativo.com.mx\/index.php?rest_route=%2Fwp%2Fv2%2Fmedia&parent=34600"}],"wp:term":[{"taxonomy":"category","embeddable":true,"href":"https:\/\/encuentroinformativo.com.mx\/index.php?rest_route=%2Fwp%2Fv2%2Fcategories&post=34600"},{"taxonomy":"post_tag","embeddable":true,"href":"https:\/\/encuentroinformativo.com.mx\/index.php?rest_route=%2Fwp%2Fv2%2Ftags&post=34600"}],"curies":[{"name":"wp","href":"https:\/\/api.w.org\/{rel}","templated":true}]}}