{"id":34603,"date":"2022-12-19T14:32:49","date_gmt":"2022-12-19T20:32:49","guid":{"rendered":"https:\/\/encuentroinformativo.com.mx\/?p=34603"},"modified":"2022-12-19T14:32:53","modified_gmt":"2022-12-19T20:32:53","slug":"invitan-a-colecta-de-juguetes-para-poblacion-vulnerable","status":"publish","type":"post","link":"https:\/\/encuentroinformativo.com.mx\/?p=34603","title":{"rendered":"Invitan a colecta de juguetes para poblaci\u00f3n vulnerable"},"content":{"rendered":"\n<p><strong>Dar\u00edo Pale<\/strong><\/p>\n\n\n\n<p>Xalapa, Ver.- Invitan a la poblaci\u00f3n a colecta de juguetes para la poblaci\u00f3n vulnerable los cuales har\u00e1n entrega el pr\u00f3ximo 6 de enero d\u00eda de Reyes, los entregar\u00e1n en Coatepec, Emiliano Zapata y Xalapa, as\u00ed lo inform\u00f3 Luis Leonardo Guiot Acu\u00f1a, presidente del Voluntariado del Consejo por el Futuro de Veracruz.<\/p>\n\n\n\n<p>En conferencia de prensa se\u00f1al\u00f3 que, &#8220;hay cierta parte de la poblaci\u00f3n que se ve rezagada, que no cuenta con los recursos para tener unas festividades apropiadas, que no tienen esta oportunidad y queremos ayudarles a tenerla&#8221;.<\/p>\n\n\n\n<p>Al respecto, expuso que la colecta es para los municipios de Xalapa, Coatepec y Emiliano Zapata, &#8220;queremos que la sociedad se sume a nosotros. Ser\u00e1 para beneficio de los ni\u00f1os y las ni\u00f1as en situaciones vulnerables&#8221;.<\/p>\n\n\n\n<p>Los centros de acopio estar\u00e1n en \u00d3ptica M\u00e9xico, ubicada en el centro de Xalapa y en la caseta de la Facultad de Econom\u00eda, ya que la colecta inicia este lunes y hasta el 5 de enero para poder sanitizarlos.<\/p>\n\n\n\n<p>En Emiliano Zapata se entregar\u00e1n en la colonia El Terrero el d\u00eda 7 de enero; en Xalapa ser\u00e1 la 21 de Marzo; en Coatepec, en la L\u00e1zaro C\u00e1rdenas.<\/p>\n\n\n\n<p>Finalmente dio a conocer que los juguetes pueden ser nuevos o usados pero en buen estado, de preferencia que no utilicen pilas, en redes sociales los pueden encontrar en <em>Facebook<\/em> como Uniendo Juventudes Xalapa.<\/p>\n","protected":false},"excerpt":{"rendered":"<p>Dar\u00edo Pale Xalapa, Ver.- Invitan a la poblaci\u00f3n a colecta de juguetes para la poblaci\u00f3n vulnerable los cuales har\u00e1n entrega el pr\u00f3ximo 6 de enero d\u00eda de Reyes, los entregar\u00e1n en Coatepec, Emiliano Zapata y Xalapa, as\u00ed lo inform\u00f3 Luis Leonardo Guiot Acu\u00f1a, presidente del Voluntariado del Consejo por el Futuro de Veracruz. En conferencia [&hellip;]<\/p>\n","protected":false},"author":1,"featured_media":34604,"comment_status":"open","ping_status":"open","sticky":false,"template":"","format":"standard","meta":{"_jetpack_memberships_contains_paid_content":false,"footnotes":""},"categories":[3],"tags":[],"class_list":["post-34603","post","type-post","status-publish","format-standard","has-post-thumbnail","hentry","category-xalapa"],"jetpack_featured_media_url":"https:\/\/encuentroinformativo.com.mx\/wp-content\/uploads\/2022\/12\/2239822A-0961-4CD5-93A3-3F61C614819E.jpeg","jetpack_sharing_enabled":true,"jetpack_likes_enabled":true,"amp_enabled":true,"_links":{"self":[{"href":"https:\/\/encuentroinformativo.com.mx\/index.php?rest_route=\/wp\/v2\/posts\/34603","targetHints":{"allow":["GET"]}}],"collection":[{"href":"https:\/\/encuentroinformativo.com.mx\/index.php?rest_route=\/wp\/v2\/posts"}],"about":[{"href":"https:\/\/encuentroinformativo.com.mx\/index.php?rest_route=\/wp\/v2\/types\/post"}],"author":[{"embeddable":true,"href":"https:\/\/encuentroinformativo.com.mx\/index.php?rest_route=\/wp\/v2\/users\/1"}],"replies":[{"embeddable":true,"href":"https:\/\/encuentroinformativo.com.mx\/index.php?rest_route=%2Fwp%2Fv2%2Fcomments&post=34603"}],"version-history":[{"count":1,"href":"https:\/\/encuentroinformativo.com.mx\/index.php?rest_route=\/wp\/v2\/posts\/34603\/revisions"}],"predecessor-version":[{"id":34605,"href":"https:\/\/encuentroinformativo.com.mx\/index.php?rest_route=\/wp\/v2\/posts\/34603\/revisions\/34605"}],"wp:featuredmedia":[{"embeddable":true,"href":"https:\/\/encuentroinformativo.com.mx\/index.php?rest_route=\/wp\/v2\/media\/34604"}],"wp:attachment":[{"href":"https:\/\/encuentroinformativo.com.mx\/index.php?rest_route=%2Fwp%2Fv2%2Fmedia&parent=34603"}],"wp:term":[{"taxonomy":"category","embeddable":true,"href":"https:\/\/encuentroinformativo.com.mx\/index.php?rest_route=%2Fwp%2Fv2%2Fcategories&post=34603"},{"taxonomy":"post_tag","embeddable":true,"href":"https:\/\/encuentroinformativo.com.mx\/index.php?rest_route=%2Fwp%2Fv2%2Ftags&post=34603"}],"curies":[{"name":"wp","href":"https:\/\/api.w.org\/{rel}","templated":true}]}}