{"id":34609,"date":"2022-12-19T16:01:11","date_gmt":"2022-12-19T22:01:11","guid":{"rendered":"https:\/\/encuentroinformativo.com.mx\/?p=34609"},"modified":"2022-12-19T16:01:14","modified_gmt":"2022-12-19T22:01:14","slug":"se-reincorpora-alcalde-de-poza-rica-a-sus-funciones","status":"publish","type":"post","link":"https:\/\/encuentroinformativo.com.mx\/?p=34609","title":{"rendered":"Se reincorpora alcalde de Poza Rica a sus funciones"},"content":{"rendered":"\n<p><strong>Alejandro \u00c1vila<\/strong><\/p>\n\n\n\n<p>Poza Rica, Ver.- Tras varios d\u00edas de ausencia por una enfermedad no confirmada, el alcalde electo Fernando &#8220;Pulpo&#8221; Remes, reapareci\u00f3 en sus funciones en el acto c\u00edvico de este lunes 19 de diciembre.<\/p>\n\n\n\n<p>El funcionario municipal reconoci\u00f3 en entrevista haber tenido COVID, enfermedad de la cual a\u00fan contin\u00faa recuper\u00e1ndose; sin embargo, dijo que tal y c\u00f3mo se ten\u00eda previsto, este martes 20 de diciembre rendir\u00e1 su primer informe de labores.<\/p>\n\n\n\n<p>El mun\u00edcipe hizo un exhort\u00f3 a los ciudadanos para que procuren el uso de cubre bocas en espacios cerrados, ya que en plena temporada vacacional ya se registra la sexta ola de coronavirus.<\/p>\n\n\n\n<p>&#8220;Estoy saliendo, pero estoy fuerte, la mejor medicina que han dado son ustedes (\u2026) fui afectado, no puedo enga\u00f1arlos, estuve muy bien atendido y no tuve que ir muy lejos&#8221;, explic\u00f3.<\/p>\n\n\n\n<p>El alcalde aprovech\u00f3 su intervenci\u00f3n para agradecer por las muestras de preocupaci\u00f3n y de cari\u00f1o de sus colaboradores y de la poblaci\u00f3n, y subray\u00f3 que se encuentra en buen estado de salud como resultado de un periodo de reposo, listo y en \u00f3ptimas condiciones para continuar con sus labores como Presidente Municipal.&nbsp;<\/p>\n","protected":false},"excerpt":{"rendered":"<p>Alejandro \u00c1vila Poza Rica, Ver.- Tras varios d\u00edas de ausencia por una enfermedad no confirmada, el alcalde electo Fernando &#8220;Pulpo&#8221; Remes, reapareci\u00f3 en sus funciones en el acto c\u00edvico de este lunes 19 de diciembre. El funcionario municipal reconoci\u00f3 en entrevista haber tenido COVID, enfermedad de la cual a\u00fan contin\u00faa recuper\u00e1ndose; sin embargo, dijo que [&hellip;]<\/p>\n","protected":false},"author":1,"featured_media":34610,"comment_status":"open","ping_status":"open","sticky":false,"template":"","format":"standard","meta":{"_jetpack_memberships_contains_paid_content":false,"footnotes":""},"categories":[2],"tags":[],"class_list":["post-34609","post","type-post","status-publish","format-standard","has-post-thumbnail","hentry","category-estado"],"jetpack_featured_media_url":"https:\/\/encuentroinformativo.com.mx\/wp-content\/uploads\/2022\/12\/7B71FDF1-019A-4D74-8447-AC756952C0D3.jpeg","jetpack_sharing_enabled":true,"jetpack_likes_enabled":true,"amp_enabled":true,"_links":{"self":[{"href":"https:\/\/encuentroinformativo.com.mx\/index.php?rest_route=\/wp\/v2\/posts\/34609","targetHints":{"allow":["GET"]}}],"collection":[{"href":"https:\/\/encuentroinformativo.com.mx\/index.php?rest_route=\/wp\/v2\/posts"}],"about":[{"href":"https:\/\/encuentroinformativo.com.mx\/index.php?rest_route=\/wp\/v2\/types\/post"}],"author":[{"embeddable":true,"href":"https:\/\/encuentroinformativo.com.mx\/index.php?rest_route=\/wp\/v2\/users\/1"}],"replies":[{"embeddable":true,"href":"https:\/\/encuentroinformativo.com.mx\/index.php?rest_route=%2Fwp%2Fv2%2Fcomments&post=34609"}],"version-history":[{"count":1,"href":"https:\/\/encuentroinformativo.com.mx\/index.php?rest_route=\/wp\/v2\/posts\/34609\/revisions"}],"predecessor-version":[{"id":34611,"href":"https:\/\/encuentroinformativo.com.mx\/index.php?rest_route=\/wp\/v2\/posts\/34609\/revisions\/34611"}],"wp:featuredmedia":[{"embeddable":true,"href":"https:\/\/encuentroinformativo.com.mx\/index.php?rest_route=\/wp\/v2\/media\/34610"}],"wp:attachment":[{"href":"https:\/\/encuentroinformativo.com.mx\/index.php?rest_route=%2Fwp%2Fv2%2Fmedia&parent=34609"}],"wp:term":[{"taxonomy":"category","embeddable":true,"href":"https:\/\/encuentroinformativo.com.mx\/index.php?rest_route=%2Fwp%2Fv2%2Fcategories&post=34609"},{"taxonomy":"post_tag","embeddable":true,"href":"https:\/\/encuentroinformativo.com.mx\/index.php?rest_route=%2Fwp%2Fv2%2Ftags&post=34609"}],"curies":[{"name":"wp","href":"https:\/\/api.w.org\/{rel}","templated":true}]}}