{"id":34615,"date":"2022-12-18T18:42:33","date_gmt":"2022-12-19T00:42:33","guid":{"rendered":"https:\/\/encuentroinformativo.com.mx\/?p=34615"},"modified":"2022-12-20T09:44:50","modified_gmt":"2022-12-20T15:44:50","slug":"otorgan-libertad-a-ex-presidenta-del-ivai","status":"publish","type":"post","link":"https:\/\/encuentroinformativo.com.mx\/?p=34615","title":{"rendered":"Otorgan libertad a ex presidenta del IVAI"},"content":{"rendered":"\n<p><strong>Juan Arcos <\/strong><\/p>\n\n\n\n<p>Xalapa, Ver.- En v\u00edsperas de Navidad, la expresidenta del Instituto Veracruzano de Acceso a la Informaci\u00f3n (IVAI), Yolli \u201cN\u201d, fue liberada del penal de Pacho Viejo, municipio de Coatepec.<\/p>\n\n\n\n<p>Un juez federal resolvi\u00f3 a su favor a trav\u00e9s del juicio de amparo 553\/2022, a lo que se dio cumplimiento mediante la modificaci\u00f3n de medidas cautelares y quedando sin efecto la prisi\u00f3n preventiva que hab\u00eda sido impuesta desde marzo de 2020.<\/p>\n\n\n\n<p>Yolli \u201cN\u201d fue acusada de los delitos de ejercicio indebido del servicio p\u00fablico, abuso de autoridad y coalici\u00f3n por presuntamente violentar normas del IVAI.<\/p>\n\n\n\n<p>La exfuncionaria estuvo presa desde marzo de 2020 y la medida cautelar de prisi\u00f3n preventiva ya hab\u00eda excedido el plazo de los dos a\u00f1os que marca la ley.<\/p>\n\n\n\n<p>El pasado 25 de octubre, se dio a conocer la resoluci\u00f3n del juez federal en la instru\u00eda cambiar la medida cautelar; sin embargo, el juez de Pacho Viejo no dio cumplimento, bajo el argumento de un presunto riesgo de fuga.<\/p>\n\n\n\n<p>\u201cRequi\u00e9rase a la autoridad responsable Juez de Control del Juzgado de Proceso y Procedimiento Penal Oral, con sede en Pacho Viejo, Veracruz, para que en el improrrogable t\u00e9rmino de doce horas contado a partir de que le sea notificado el presente prove\u00eddo, d\u00e9 total cumplimiento a la ejecutoria de amparo\u201d, se lee en el acuerdo.<\/p>\n\n\n\n<p>Cabe recordar que el pasado 31 de mayo, Yolli \u201cN\u201d fue ingresada al Centro de Alta Especialidad \u201cDoctor Rafael Lucio\u201d por complicaciones en su salud tras la cirug\u00eda a coraz\u00f3n abierto a la que fue sometida en enero de este a\u00f1o.<\/p>\n","protected":false},"excerpt":{"rendered":"<p>Juan Arcos Xalapa, Ver.- En v\u00edsperas de Navidad, la expresidenta del Instituto Veracruzano de Acceso a la Informaci\u00f3n (IVAI), Yolli \u201cN\u201d, fue liberada del penal de Pacho Viejo, municipio de Coatepec. Un juez federal resolvi\u00f3 a su favor a trav\u00e9s del juicio de amparo 553\/2022, a lo que se dio cumplimiento mediante la modificaci\u00f3n de [&hellip;]<\/p>\n","protected":false},"author":1,"featured_media":34616,"comment_status":"open","ping_status":"open","sticky":false,"template":"","format":"standard","meta":{"_jetpack_memberships_contains_paid_content":false,"footnotes":""},"categories":[2],"tags":[],"class_list":["post-34615","post","type-post","status-publish","format-standard","has-post-thumbnail","hentry","category-estado"],"jetpack_featured_media_url":"https:\/\/encuentroinformativo.com.mx\/wp-content\/uploads\/2022\/12\/24034E42-A1A3-4EC8-95F2-679976249BA8.jpeg","jetpack_sharing_enabled":true,"jetpack_likes_enabled":true,"amp_enabled":true,"_links":{"self":[{"href":"https:\/\/encuentroinformativo.com.mx\/index.php?rest_route=\/wp\/v2\/posts\/34615","targetHints":{"allow":["GET"]}}],"collection":[{"href":"https:\/\/encuentroinformativo.com.mx\/index.php?rest_route=\/wp\/v2\/posts"}],"about":[{"href":"https:\/\/encuentroinformativo.com.mx\/index.php?rest_route=\/wp\/v2\/types\/post"}],"author":[{"embeddable":true,"href":"https:\/\/encuentroinformativo.com.mx\/index.php?rest_route=\/wp\/v2\/users\/1"}],"replies":[{"embeddable":true,"href":"https:\/\/encuentroinformativo.com.mx\/index.php?rest_route=%2Fwp%2Fv2%2Fcomments&post=34615"}],"version-history":[{"count":1,"href":"https:\/\/encuentroinformativo.com.mx\/index.php?rest_route=\/wp\/v2\/posts\/34615\/revisions"}],"predecessor-version":[{"id":34617,"href":"https:\/\/encuentroinformativo.com.mx\/index.php?rest_route=\/wp\/v2\/posts\/34615\/revisions\/34617"}],"wp:featuredmedia":[{"embeddable":true,"href":"https:\/\/encuentroinformativo.com.mx\/index.php?rest_route=\/wp\/v2\/media\/34616"}],"wp:attachment":[{"href":"https:\/\/encuentroinformativo.com.mx\/index.php?rest_route=%2Fwp%2Fv2%2Fmedia&parent=34615"}],"wp:term":[{"taxonomy":"category","embeddable":true,"href":"https:\/\/encuentroinformativo.com.mx\/index.php?rest_route=%2Fwp%2Fv2%2Fcategories&post=34615"},{"taxonomy":"post_tag","embeddable":true,"href":"https:\/\/encuentroinformativo.com.mx\/index.php?rest_route=%2Fwp%2Fv2%2Ftags&post=34615"}],"curies":[{"name":"wp","href":"https:\/\/api.w.org\/{rel}","templated":true}]}}