{"id":34618,"date":"2022-12-20T12:14:40","date_gmt":"2022-12-20T18:14:40","guid":{"rendered":"https:\/\/encuentroinformativo.com.mx\/?p=34618"},"modified":"2022-12-20T12:14:44","modified_gmt":"2022-12-20T18:14:44","slug":"instalan-colectivos-mas-esferas-con-rostros-de-familiares-desaparecidos","status":"publish","type":"post","link":"https:\/\/encuentroinformativo.com.mx\/?p=34618","title":{"rendered":"Instalan colectivos m\u00e1s esferas con rostros de familiares desaparecidos"},"content":{"rendered":"\n<p><strong>Juan Arcos<\/strong><\/p>\n\n\n\n<p>Xalapa, Ver.- Integrantes de colectivos de b\u00fasqueda colocaron esferas con los rostros de sus familiares desaparecidos sobre una araucaria del parque Benito Ju\u00e1rez, en esta ciudad de Xalapa.<\/p>\n\n\n\n<p>Comentaron que sus seres queridos se extraviaron en distintas regiones del estado de Veracruz, algunos de ellos desde hace m\u00e1s de diez a\u00f1os, pero las investigaciones no avanzan para su localizaci\u00f3n.<\/p>\n\n\n\n<p>Tan solo los miembros del colectivo Familiares Enlaces Xalapa instalar\u00edan 35 esferas; sin embargo, a estas acciones se sumaron otros colectivos de b\u00fasqueda.<\/p>\n\n\n\n<p>De acuerdo con Victoria Delgadillo Romero, integrante del colectivo mencionado, se cumplieron tres a\u00f1os de la actividad de las esferas navide\u00f1as, toda vez que las desapariciones de personas contin\u00faan e, incluso, han aumentado.<\/p>\n\n\n\n<p>\u201cNavidad no hay para nosotros, pero s\u00ed queremos tener presentes a nuestros hijos en estas fechas. Es la manera en que nosotros hacemos presentes a nuestros familiares\u201d, expres\u00f3.<\/p>\n\n\n\n<p>Ella busca a su hija Yunery Citlally Hern\u00e1ndez Delgadillo, desaparecida desde noviembre de 2011, junto con otras j\u00f3venes que hab\u00edan sido invitadas a un evento.<\/p>\n\n\n\n<p>La entrevistada insisti\u00f3 en que existe un gran rezago en la Fiscal\u00eda General del Estado (FGE), en materia de identificaci\u00f3n de restos humanos que han sido hallados en fosas clandestinas y barrancas.<\/p>\n\n\n\n<p>Tambi\u00e9n se\u00f1al\u00f3 que dicha dependencia estatal tambi\u00e9n ha \u201cdesaparecido\u201d al menos cuatro carpetas de investigaci\u00f3n por casos que acompa\u00f1a el Colectivo Familiares Enlaces Xalapa.<\/p>\n\n\n\n<figure class=\"wp-block-image size-large\"><img loading=\"lazy\" decoding=\"async\" width=\"1024\" height=\"768\" src=\"https:\/\/encuentroinformativo.com.mx\/wp-content\/uploads\/2022\/12\/C83F96A1-2962-47FF-ABE5-F1D55A2EDECF-1024x768.jpeg\" alt=\"\" class=\"wp-image-34620\" srcset=\"https:\/\/encuentroinformativo.com.mx\/wp-content\/uploads\/2022\/12\/C83F96A1-2962-47FF-ABE5-F1D55A2EDECF-1024x768.jpeg 1024w, https:\/\/encuentroinformativo.com.mx\/wp-content\/uploads\/2022\/12\/C83F96A1-2962-47FF-ABE5-F1D55A2EDECF-300x225.jpeg 300w, https:\/\/encuentroinformativo.com.mx\/wp-content\/uploads\/2022\/12\/C83F96A1-2962-47FF-ABE5-F1D55A2EDECF-768x576.jpeg 768w, https:\/\/encuentroinformativo.com.mx\/wp-content\/uploads\/2022\/12\/C83F96A1-2962-47FF-ABE5-F1D55A2EDECF-1536x1152.jpeg 1536w, https:\/\/encuentroinformativo.com.mx\/wp-content\/uploads\/2022\/12\/C83F96A1-2962-47FF-ABE5-F1D55A2EDECF.jpeg 2016w\" sizes=\"auto, (max-width: 1024px) 100vw, 1024px\" \/><\/figure>\n","protected":false},"excerpt":{"rendered":"<p>Juan Arcos Xalapa, Ver.- Integrantes de colectivos de b\u00fasqueda colocaron esferas con los rostros de sus familiares desaparecidos sobre una araucaria del parque Benito Ju\u00e1rez, en esta ciudad de Xalapa. Comentaron que sus seres queridos se extraviaron en distintas regiones del estado de Veracruz, algunos de ellos desde hace m\u00e1s de diez a\u00f1os, pero las [&hellip;]<\/p>\n","protected":false},"author":1,"featured_media":34619,"comment_status":"open","ping_status":"open","sticky":false,"template":"","format":"standard","meta":{"_jetpack_memberships_contains_paid_content":false,"footnotes":""},"categories":[3],"tags":[],"class_list":["post-34618","post","type-post","status-publish","format-standard","has-post-thumbnail","hentry","category-xalapa"],"jetpack_featured_media_url":"https:\/\/encuentroinformativo.com.mx\/wp-content\/uploads\/2022\/12\/5499279B-9A6D-4D56-B380-9945C40FFA76.jpeg","jetpack_sharing_enabled":true,"jetpack_likes_enabled":true,"amp_enabled":true,"_links":{"self":[{"href":"https:\/\/encuentroinformativo.com.mx\/index.php?rest_route=\/wp\/v2\/posts\/34618","targetHints":{"allow":["GET"]}}],"collection":[{"href":"https:\/\/encuentroinformativo.com.mx\/index.php?rest_route=\/wp\/v2\/posts"}],"about":[{"href":"https:\/\/encuentroinformativo.com.mx\/index.php?rest_route=\/wp\/v2\/types\/post"}],"author":[{"embeddable":true,"href":"https:\/\/encuentroinformativo.com.mx\/index.php?rest_route=\/wp\/v2\/users\/1"}],"replies":[{"embeddable":true,"href":"https:\/\/encuentroinformativo.com.mx\/index.php?rest_route=%2Fwp%2Fv2%2Fcomments&post=34618"}],"version-history":[{"count":1,"href":"https:\/\/encuentroinformativo.com.mx\/index.php?rest_route=\/wp\/v2\/posts\/34618\/revisions"}],"predecessor-version":[{"id":34621,"href":"https:\/\/encuentroinformativo.com.mx\/index.php?rest_route=\/wp\/v2\/posts\/34618\/revisions\/34621"}],"wp:featuredmedia":[{"embeddable":true,"href":"https:\/\/encuentroinformativo.com.mx\/index.php?rest_route=\/wp\/v2\/media\/34619"}],"wp:attachment":[{"href":"https:\/\/encuentroinformativo.com.mx\/index.php?rest_route=%2Fwp%2Fv2%2Fmedia&parent=34618"}],"wp:term":[{"taxonomy":"category","embeddable":true,"href":"https:\/\/encuentroinformativo.com.mx\/index.php?rest_route=%2Fwp%2Fv2%2Fcategories&post=34618"},{"taxonomy":"post_tag","embeddable":true,"href":"https:\/\/encuentroinformativo.com.mx\/index.php?rest_route=%2Fwp%2Fv2%2Ftags&post=34618"}],"curies":[{"name":"wp","href":"https:\/\/api.w.org\/{rel}","templated":true}]}}