{"id":34628,"date":"2022-12-20T13:09:54","date_gmt":"2022-12-20T19:09:54","guid":{"rendered":"https:\/\/encuentroinformativo.com.mx\/?p=34628"},"modified":"2022-12-20T13:09:59","modified_gmt":"2022-12-20T19:09:59","slug":"buscan-en-tamiahua-a-madre-e-hijo-desaparecidos","status":"publish","type":"post","link":"https:\/\/encuentroinformativo.com.mx\/?p=34628","title":{"rendered":"Buscan en Tamiahua a madre e hijo desaparecidos"},"content":{"rendered":"\n<p><strong>Alejandro \u00c1vila<\/strong><\/p>\n\n\n\n<p>Tamiahua, Ver.- Una madre y su hijo apenas tres a\u00f1os de edad est\u00e1n siendo buscados por sus familiares, ya que desde el pasado 16 de diciembre se encuentran como no localizables.<\/p>\n\n\n\n<p>Los familiares acudieron a la Comisi\u00f3n Estatal de B\u00fasqueda con sede en Tuxpan, para que se activar\u00e1 el Alerta Amber, toda vez que temen hayan sido v\u00edctimas de alg\u00fan delito.<\/p>\n\n\n\n<p>La madre, de nombre Marcela Garc\u00eda Cruz, tiene 28 a\u00f1os y mide 1.50 metros, tiene ojos de color caf\u00e9 oscuro, es de tez morena clara, trae el pelo negro, corto rizado; y tambi\u00e9n se proporcionaron datos de su hijo, Jes\u00fas Jenoe Vicencio Garc\u00eda de 3 a\u00f1os; ambos son oriundos de la localidad Las Flores en el municipio de Tamiahua.<\/p>\n\n\n\n<p>Corporaciones polic\u00edacas informaron que desplegaron un operativo de b\u00fasqueda pero los resultados no han sido favorables, por lo que solicitan el apoyo de la poblaci\u00f3n para conseguir datos que lleven a su localizaci\u00f3n.<\/p>\n\n\n\n<figure class=\"wp-block-image size-large\"><img loading=\"lazy\" decoding=\"async\" width=\"720\" height=\"720\" src=\"https:\/\/encuentroinformativo.com.mx\/wp-content\/uploads\/2022\/12\/C63E80D9-5CD2-4A95-ADA9-FD3B231320B9.jpeg\" alt=\"\" class=\"wp-image-34629\" srcset=\"https:\/\/encuentroinformativo.com.mx\/wp-content\/uploads\/2022\/12\/C63E80D9-5CD2-4A95-ADA9-FD3B231320B9.jpeg 720w, https:\/\/encuentroinformativo.com.mx\/wp-content\/uploads\/2022\/12\/C63E80D9-5CD2-4A95-ADA9-FD3B231320B9-300x300.jpeg 300w, https:\/\/encuentroinformativo.com.mx\/wp-content\/uploads\/2022\/12\/C63E80D9-5CD2-4A95-ADA9-FD3B231320B9-150x150.jpeg 150w\" sizes=\"auto, (max-width: 720px) 100vw, 720px\" \/><\/figure>\n","protected":false},"excerpt":{"rendered":"<p>Alejandro \u00c1vila Tamiahua, Ver.- Una madre y su hijo apenas tres a\u00f1os de edad est\u00e1n siendo buscados por sus familiares, ya que desde el pasado 16 de diciembre se encuentran como no localizables. Los familiares acudieron a la Comisi\u00f3n Estatal de B\u00fasqueda con sede en Tuxpan, para que se activar\u00e1 el Alerta Amber, toda vez [&hellip;]<\/p>\n","protected":false},"author":1,"featured_media":34629,"comment_status":"open","ping_status":"open","sticky":false,"template":"","format":"standard","meta":{"_jetpack_memberships_contains_paid_content":false,"footnotes":""},"categories":[2],"tags":[],"class_list":["post-34628","post","type-post","status-publish","format-standard","has-post-thumbnail","hentry","category-estado"],"jetpack_featured_media_url":"https:\/\/encuentroinformativo.com.mx\/wp-content\/uploads\/2022\/12\/C63E80D9-5CD2-4A95-ADA9-FD3B231320B9.jpeg","jetpack_sharing_enabled":true,"jetpack_likes_enabled":true,"amp_enabled":true,"_links":{"self":[{"href":"https:\/\/encuentroinformativo.com.mx\/index.php?rest_route=\/wp\/v2\/posts\/34628","targetHints":{"allow":["GET"]}}],"collection":[{"href":"https:\/\/encuentroinformativo.com.mx\/index.php?rest_route=\/wp\/v2\/posts"}],"about":[{"href":"https:\/\/encuentroinformativo.com.mx\/index.php?rest_route=\/wp\/v2\/types\/post"}],"author":[{"embeddable":true,"href":"https:\/\/encuentroinformativo.com.mx\/index.php?rest_route=\/wp\/v2\/users\/1"}],"replies":[{"embeddable":true,"href":"https:\/\/encuentroinformativo.com.mx\/index.php?rest_route=%2Fwp%2Fv2%2Fcomments&post=34628"}],"version-history":[{"count":1,"href":"https:\/\/encuentroinformativo.com.mx\/index.php?rest_route=\/wp\/v2\/posts\/34628\/revisions"}],"predecessor-version":[{"id":34630,"href":"https:\/\/encuentroinformativo.com.mx\/index.php?rest_route=\/wp\/v2\/posts\/34628\/revisions\/34630"}],"wp:featuredmedia":[{"embeddable":true,"href":"https:\/\/encuentroinformativo.com.mx\/index.php?rest_route=\/wp\/v2\/media\/34629"}],"wp:attachment":[{"href":"https:\/\/encuentroinformativo.com.mx\/index.php?rest_route=%2Fwp%2Fv2%2Fmedia&parent=34628"}],"wp:term":[{"taxonomy":"category","embeddable":true,"href":"https:\/\/encuentroinformativo.com.mx\/index.php?rest_route=%2Fwp%2Fv2%2Fcategories&post=34628"},{"taxonomy":"post_tag","embeddable":true,"href":"https:\/\/encuentroinformativo.com.mx\/index.php?rest_route=%2Fwp%2Fv2%2Ftags&post=34628"}],"curies":[{"name":"wp","href":"https:\/\/api.w.org\/{rel}","templated":true}]}}