{"id":34631,"date":"2022-12-20T13:28:43","date_gmt":"2022-12-20T19:28:43","guid":{"rendered":"https:\/\/encuentroinformativo.com.mx\/?p=34631"},"modified":"2022-12-20T13:28:49","modified_gmt":"2022-12-20T19:28:49","slug":"integrantes-de-colectivos-sufren-por-impunidad-arzobispo","status":"publish","type":"post","link":"https:\/\/encuentroinformativo.com.mx\/?p=34631","title":{"rendered":"Integrantes de Colectivos sufren por impunidad: Arzobispo"},"content":{"rendered":"\n<p><strong>Dar\u00edo Pale<\/strong><\/p>\n\n\n\n<p>Xalapa, Ver.- El arzobispo de Xalapa, Jorge Carlos Patr\u00f3n Wong, dio a conocer que las madres de los colectivos sufren por sus desaparecidos y por impunidad as\u00ed como la corrupci\u00f3n en la impartici\u00f3n de justicia.<\/p>\n\n\n\n<p>Entrevistado durante una convivencia con medios de comunicaci\u00f3n por el cambio de vocero y con motivo de la Navidad, expres\u00f3 que en la iglesia todos los d\u00edas oran por las madres de desaparecidos.<\/p>\n\n\n\n<p>&#8220;Muchas mam\u00e1s sufren, muchos pap\u00e1s sufren, no \u00fanicamente por esa situaci\u00f3n, sino por otras situaciones, entonces, lo primero es no perder la fe y unirse en la esperanza para que podamos lograr justicia, para acabar con la impunidad, sobre todo la corrupci\u00f3n en la impartici\u00f3n de justicia&#8221;, se\u00f1al\u00f3.<\/p>\n\n\n\n<p>Lament\u00f3 que lo m\u00e1s preciado de una persona sea pisoteado, vulnerado por el sistema, aunque aclar\u00f3 que si bien es cierto las madres de los desaparecidos sufren por sus hijos, por sus hermanos, hermanas, entre otros, ellas tambi\u00e9n sufren por el alcoholismo, por la drogadicci\u00f3n, por la violencia e impunidad.<\/p>\n\n\n\n<p>&#8220;Hay una cantidad de sufrimiento muy grande, ustedes conocen la realidad de M\u00e9xico, nosotros somos parte de M\u00e9xico, pero tambi\u00e9n ustedes conocen c\u00f3mo en M\u00e9xico y en Veracruz tenemos sacerdotes, obispos y laicos que est\u00e1n haciendo mucho bien&#8221;, coment\u00f3.<\/p>\n\n\n\n<p>Patr\u00f3n Wong manifest\u00f3 que nadie nos debe robar la esperanza porque hay muchos pap\u00e1s y mam\u00e1s en las comunidades que siguen apostando por la educaci\u00f3n en valores de los hijos y por su seguridad.<\/p>\n\n\n\n<p>El Arzobispo agradeci\u00f3 este d\u00eda la labor del presb\u00edtero Jos\u00e9 Manuel Suazo Reyes como vocero de la Arquidi\u00f3cesis por ocho a\u00f1os y medio.<\/p>\n\n\n\n<p>Dijo que el trabajo de los medios de comunicaci\u00f3n, desde su llegada a Xalapa el pasado 8 de febrero, le ha ayudado mucho a conocer muchas realidades no s\u00f3lo de la Arquidi\u00f3cesis de Xalapa, sino del Estado.<\/p>\n\n\n\n<p>&#8220;Quiero agradecer su vocaci\u00f3n de servicio y su vocaci\u00f3n period\u00edstica. Primero agradecer p\u00fablicamente al padre Jos\u00e9 Manuel Suazo por estos 8 a\u00f1os y medio de servicio sacerdotal en la oficina de Comunicaci\u00f3n Social&#8221;, dijo.<\/p>\n\n\n\n<p>&#8220;No voy a hablar de todas la riqueza humana, espiritual, pero tambi\u00e9n intelectual y apost\u00f3lica que \u00e9l nos ha demostrado&#8221;, agreg\u00f3.<\/p>\n\n\n\n<p>Finalmente dio la bienvenida al nuevo vocero, al padre Jos\u00e9 Beristain y agradeci\u00f3 que haya aceptado el encargo.<\/p>\n","protected":false},"excerpt":{"rendered":"<p>Dar\u00edo Pale Xalapa, Ver.- El arzobispo de Xalapa, Jorge Carlos Patr\u00f3n Wong, dio a conocer que las madres de los colectivos sufren por sus desaparecidos y por impunidad as\u00ed como la corrupci\u00f3n en la impartici\u00f3n de justicia. Entrevistado durante una convivencia con medios de comunicaci\u00f3n por el cambio de vocero y con motivo de la [&hellip;]<\/p>\n","protected":false},"author":1,"featured_media":34632,"comment_status":"open","ping_status":"open","sticky":false,"template":"","format":"standard","meta":{"_jetpack_memberships_contains_paid_content":false,"footnotes":""},"categories":[2],"tags":[],"class_list":["post-34631","post","type-post","status-publish","format-standard","has-post-thumbnail","hentry","category-estado"],"jetpack_featured_media_url":"https:\/\/encuentroinformativo.com.mx\/wp-content\/uploads\/2022\/12\/1D61E7D2-23A8-481D-8D85-EEC35FD6CE74.jpeg","jetpack_sharing_enabled":true,"jetpack_likes_enabled":true,"amp_enabled":true,"_links":{"self":[{"href":"https:\/\/encuentroinformativo.com.mx\/index.php?rest_route=\/wp\/v2\/posts\/34631","targetHints":{"allow":["GET"]}}],"collection":[{"href":"https:\/\/encuentroinformativo.com.mx\/index.php?rest_route=\/wp\/v2\/posts"}],"about":[{"href":"https:\/\/encuentroinformativo.com.mx\/index.php?rest_route=\/wp\/v2\/types\/post"}],"author":[{"embeddable":true,"href":"https:\/\/encuentroinformativo.com.mx\/index.php?rest_route=\/wp\/v2\/users\/1"}],"replies":[{"embeddable":true,"href":"https:\/\/encuentroinformativo.com.mx\/index.php?rest_route=%2Fwp%2Fv2%2Fcomments&post=34631"}],"version-history":[{"count":1,"href":"https:\/\/encuentroinformativo.com.mx\/index.php?rest_route=\/wp\/v2\/posts\/34631\/revisions"}],"predecessor-version":[{"id":34633,"href":"https:\/\/encuentroinformativo.com.mx\/index.php?rest_route=\/wp\/v2\/posts\/34631\/revisions\/34633"}],"wp:featuredmedia":[{"embeddable":true,"href":"https:\/\/encuentroinformativo.com.mx\/index.php?rest_route=\/wp\/v2\/media\/34632"}],"wp:attachment":[{"href":"https:\/\/encuentroinformativo.com.mx\/index.php?rest_route=%2Fwp%2Fv2%2Fmedia&parent=34631"}],"wp:term":[{"taxonomy":"category","embeddable":true,"href":"https:\/\/encuentroinformativo.com.mx\/index.php?rest_route=%2Fwp%2Fv2%2Fcategories&post=34631"},{"taxonomy":"post_tag","embeddable":true,"href":"https:\/\/encuentroinformativo.com.mx\/index.php?rest_route=%2Fwp%2Fv2%2Ftags&post=34631"}],"curies":[{"name":"wp","href":"https:\/\/api.w.org\/{rel}","templated":true}]}}