{"id":34640,"date":"2022-12-20T16:31:25","date_gmt":"2022-12-20T22:31:25","guid":{"rendered":"https:\/\/encuentroinformativo.com.mx\/?p=34640"},"modified":"2022-12-20T16:31:29","modified_gmt":"2022-12-20T22:31:29","slug":"por-mineria-en-riesgo-500-mil-hectareas-la-vida","status":"publish","type":"post","link":"https:\/\/encuentroinformativo.com.mx\/?p=34640","title":{"rendered":"Por miner\u00eda, en riesgo 500 mil hect\u00e1reas: La Vida"},"content":{"rendered":"\n<p><strong>Juan Arcos <\/strong><\/p>\n\n\n\n<p>Xalapa, Ver.- M\u00e1s de 500 mil hect\u00e1reas del territorio veracruzano contin\u00faa en riesgo por proyectos vigentes de miner\u00eda a cielo abierto que representan un atentado contra la naturaleza para los ambientalistas.<\/p>\n\n\n\n<p>De acuerdo con Guillermo Rodr\u00edguez Curiel, integrante de La Asamblea Veracruzana de Iniciativas y Defensa Ambiental (Lavida), hay proyectos vigentes en la superficie que va de la costa de Actopan hasta el municipio de Tatatila.<\/p>\n\n\n\n<p>\u201cEstamos hablando, m\u00e1s o menos, de 500 mil hect\u00e1reas que ser\u00edan afectadas por esta actividad minera que acaba con la naturaleza\u201d, expres\u00f3.<\/p>\n\n\n\n<p>El activista destac\u00f3 la importancia de que el gobierno estatal y federal modifiquen la actual Ley Minera, para realmente proteger el entorno ecol\u00f3gico.<\/p>\n\n\n\n<p>\u201cEstamos convencidos de que se tiene que eliminar el car\u00e1cter de utilidad p\u00fablica y de preferencia de las actividades mineras sobre cualquier otra que exista en el territorio\u201d, agreg\u00f3.<\/p>\n\n\n\n<p>Rodr\u00edguez Curiel enfatiz\u00f3 que tambi\u00e9n es necesario hacer efectivo el derecho a decidir de las comunidades y pueblos que se han pronunciado en contra de la mencionada actividad y que han sido ignorados.<\/p>\n\n\n\n<p>\u201cEs necesario cambiar el esquema y r\u00e9gimen abusivo de las concesiones de 100 a\u00f1os, estamos convencidos tambi\u00e9n de que se les deben quitar a las mineras los privilegios de acceso a la tierra y al agua\u201d, refiri\u00f3.<\/p>\n\n\n\n<p>Tambi\u00e9n se requiere reformar la Ley Minera para garantizar el cuidado de las \u00e1reas naturales protegidas que hay en la Rep\u00fablica Mexicana.<\/p>\n\n\n\n<p>\u201cModificar la ley minera significa para los mexicanos proteger la vida para \u00e9sta y las pr\u00f3ximas generaciones\u201d, extern\u00f3 el defensor del medio ambiente.<\/p>\n\n\n\n<p>La asociaci\u00f3n civil Lavida ha luchado por m\u00e1s de 14 a\u00f1os para impedir que se instale la \u201cminer\u00eda t\u00f3xica\u201d en el estado de Veracruz.\u00a0<\/p>\n","protected":false},"excerpt":{"rendered":"<p>Juan Arcos Xalapa, Ver.- M\u00e1s de 500 mil hect\u00e1reas del territorio veracruzano contin\u00faa en riesgo por proyectos vigentes de miner\u00eda a cielo abierto que representan un atentado contra la naturaleza para los ambientalistas. De acuerdo con Guillermo Rodr\u00edguez Curiel, integrante de La Asamblea Veracruzana de Iniciativas y Defensa Ambiental (Lavida), hay proyectos vigentes en la [&hellip;]<\/p>\n","protected":false},"author":1,"featured_media":34641,"comment_status":"open","ping_status":"open","sticky":false,"template":"","format":"standard","meta":{"_jetpack_memberships_contains_paid_content":false,"footnotes":""},"categories":[2],"tags":[],"class_list":["post-34640","post","type-post","status-publish","format-standard","has-post-thumbnail","hentry","category-estado"],"jetpack_featured_media_url":"https:\/\/encuentroinformativo.com.mx\/wp-content\/uploads\/2022\/12\/2FB2194E-C288-40EE-A8E0-50B8965ACD36.jpeg","jetpack_sharing_enabled":true,"jetpack_likes_enabled":true,"amp_enabled":true,"_links":{"self":[{"href":"https:\/\/encuentroinformativo.com.mx\/index.php?rest_route=\/wp\/v2\/posts\/34640","targetHints":{"allow":["GET"]}}],"collection":[{"href":"https:\/\/encuentroinformativo.com.mx\/index.php?rest_route=\/wp\/v2\/posts"}],"about":[{"href":"https:\/\/encuentroinformativo.com.mx\/index.php?rest_route=\/wp\/v2\/types\/post"}],"author":[{"embeddable":true,"href":"https:\/\/encuentroinformativo.com.mx\/index.php?rest_route=\/wp\/v2\/users\/1"}],"replies":[{"embeddable":true,"href":"https:\/\/encuentroinformativo.com.mx\/index.php?rest_route=%2Fwp%2Fv2%2Fcomments&post=34640"}],"version-history":[{"count":1,"href":"https:\/\/encuentroinformativo.com.mx\/index.php?rest_route=\/wp\/v2\/posts\/34640\/revisions"}],"predecessor-version":[{"id":34642,"href":"https:\/\/encuentroinformativo.com.mx\/index.php?rest_route=\/wp\/v2\/posts\/34640\/revisions\/34642"}],"wp:featuredmedia":[{"embeddable":true,"href":"https:\/\/encuentroinformativo.com.mx\/index.php?rest_route=\/wp\/v2\/media\/34641"}],"wp:attachment":[{"href":"https:\/\/encuentroinformativo.com.mx\/index.php?rest_route=%2Fwp%2Fv2%2Fmedia&parent=34640"}],"wp:term":[{"taxonomy":"category","embeddable":true,"href":"https:\/\/encuentroinformativo.com.mx\/index.php?rest_route=%2Fwp%2Fv2%2Fcategories&post=34640"},{"taxonomy":"post_tag","embeddable":true,"href":"https:\/\/encuentroinformativo.com.mx\/index.php?rest_route=%2Fwp%2Fv2%2Ftags&post=34640"}],"curies":[{"name":"wp","href":"https:\/\/api.w.org\/{rel}","templated":true}]}}