{"id":34643,"date":"2022-12-20T18:14:16","date_gmt":"2022-12-21T00:14:16","guid":{"rendered":"https:\/\/encuentroinformativo.com.mx\/?p=34643"},"modified":"2022-12-20T18:14:20","modified_gmt":"2022-12-21T00:14:20","slug":"inaugura-alcalde-jm-unanue-calle-jose-hernandez-de-la-colonia-ampliacion-villa-rica","status":"publish","type":"post","link":"https:\/\/encuentroinformativo.com.mx\/?p=34643","title":{"rendered":"Inaugura Alcalde JM Un\u00e1nue calle Jos\u00e9 H\u00e9rnandez de la colonia Ampliaci\u00f3n Villa Rica"},"content":{"rendered":"\n<p><strong>*<em>En esta rehabilitaci\u00f3n, tambi\u00e9n se realizaron banquetas, guarniciones y rampas para personas con discapacidad, adem\u00e1s de su respectiva se\u00f1alizaci\u00f3n<\/em>.<\/strong><\/p>\n\n\n\n<p>Boca del R\u00edo, Ver.- El Alcalde de Boca del R\u00edo, Juan Manuel de Un\u00e1nue Abascal, cumpli\u00f3 su palabra al encabezar este martes la inauguraci\u00f3n de la rehabilitaci\u00f3n de la calle Jos\u00e9 Hern\u00e1ndez Sierra, en la colonia Ampliaci\u00f3n Villa Rica.<\/p>\n\n\n\n<p>Tal como lo dijo hace tres meses, antes de que concluyera este a\u00f1o, dicha calle quedar\u00eda pavimentada, con todo y sus banquetas, guarniciones y se\u00f1alizaci\u00f3n, obra correspondiente al Plan de Obras P\u00fablicas 2022.<\/p>\n\n\n\n<p>\u201cEstamos haciendo varias obras aqu\u00ed, y cerca de esta colonia. Es un gran avance, me da mucho gusto entregar esta obra que fue muy solicitada por las y los vecinos de la zona\u201d, expres\u00f3.<\/p>\n\n\n\n<p>Y detall\u00f3 que \u201cel 65 por ciento del presupuesto del a\u00f1o 2022, ha sido invertido en colonias populares de la ciudad de Boca del R\u00edo, es lo que merecen ustedes, es lo que hac\u00eda falta por hacer y es lo que seguiremos haciendo\u201d.<\/p>\n\n\n\n<p>La pavimentaci\u00f3n de 3 mil 500 metros cuadrados de asfalto, fue con una inversi\u00f3n de casi tres millones 900 mil pesos, donde se construyeron mil 400 metros cuadrados de banqueta de concreto, 80 tapas de concreto para registros sanitarios y 22 rampas para discapacitados.<\/p>\n\n\n\n<p>En dicha obra se colocaron tambi\u00e9n 11 piezas de brocales y tapas en pozos de visita, as\u00ed como m\u00e1s de 500 metros lineales de pintura y de se\u00f1al\u00e9tica, as\u00ed como cerca de mil metros lineales de guarniciones.<\/p>\n\n\n\n<p>Con estas acciones se beneficia directamente a m\u00e1s de mil personas y todos los boque\u00f1os que transiten por este lugar, destacando que esto fue posible gracias a la buena administraci\u00f3n del Fondo de Aportaciones para Infraestructura Social Municipal y de las Demarcaciones Territoriales del Distrito Federal (FISM-DF).<\/p>\n\n\n\n<p>Por \u00faltimo, el edil record\u00f3 que hay obras que est\u00e1n por inaugurarse en el municipio, obras importantes en colonias populares como lo ser\u00e1 la avenida 20 en la colonia Venustiano Carranza, as\u00ed como la calle Colosio y la calle Pino entre otras m\u00e1s.<\/p>\n","protected":false},"excerpt":{"rendered":"<p>*En esta rehabilitaci\u00f3n, tambi\u00e9n se realizaron banquetas, guarniciones y rampas para personas con discapacidad, adem\u00e1s de su respectiva se\u00f1alizaci\u00f3n. Boca del R\u00edo, Ver.- El Alcalde de Boca del R\u00edo, Juan Manuel de Un\u00e1nue Abascal, cumpli\u00f3 su palabra al encabezar este martes la inauguraci\u00f3n de la rehabilitaci\u00f3n de la calle Jos\u00e9 Hern\u00e1ndez Sierra, en la colonia [&hellip;]<\/p>\n","protected":false},"author":1,"featured_media":34644,"comment_status":"open","ping_status":"open","sticky":false,"template":"","format":"standard","meta":{"_jetpack_memberships_contains_paid_content":false,"footnotes":""},"categories":[2],"tags":[],"class_list":["post-34643","post","type-post","status-publish","format-standard","has-post-thumbnail","hentry","category-estado"],"jetpack_featured_media_url":"https:\/\/encuentroinformativo.com.mx\/wp-content\/uploads\/2022\/12\/8CD1C25E-8BC1-4C69-B974-8A74227C9626.jpeg","jetpack_sharing_enabled":true,"jetpack_likes_enabled":true,"amp_enabled":true,"_links":{"self":[{"href":"https:\/\/encuentroinformativo.com.mx\/index.php?rest_route=\/wp\/v2\/posts\/34643","targetHints":{"allow":["GET"]}}],"collection":[{"href":"https:\/\/encuentroinformativo.com.mx\/index.php?rest_route=\/wp\/v2\/posts"}],"about":[{"href":"https:\/\/encuentroinformativo.com.mx\/index.php?rest_route=\/wp\/v2\/types\/post"}],"author":[{"embeddable":true,"href":"https:\/\/encuentroinformativo.com.mx\/index.php?rest_route=\/wp\/v2\/users\/1"}],"replies":[{"embeddable":true,"href":"https:\/\/encuentroinformativo.com.mx\/index.php?rest_route=%2Fwp%2Fv2%2Fcomments&post=34643"}],"version-history":[{"count":1,"href":"https:\/\/encuentroinformativo.com.mx\/index.php?rest_route=\/wp\/v2\/posts\/34643\/revisions"}],"predecessor-version":[{"id":34645,"href":"https:\/\/encuentroinformativo.com.mx\/index.php?rest_route=\/wp\/v2\/posts\/34643\/revisions\/34645"}],"wp:featuredmedia":[{"embeddable":true,"href":"https:\/\/encuentroinformativo.com.mx\/index.php?rest_route=\/wp\/v2\/media\/34644"}],"wp:attachment":[{"href":"https:\/\/encuentroinformativo.com.mx\/index.php?rest_route=%2Fwp%2Fv2%2Fmedia&parent=34643"}],"wp:term":[{"taxonomy":"category","embeddable":true,"href":"https:\/\/encuentroinformativo.com.mx\/index.php?rest_route=%2Fwp%2Fv2%2Fcategories&post=34643"},{"taxonomy":"post_tag","embeddable":true,"href":"https:\/\/encuentroinformativo.com.mx\/index.php?rest_route=%2Fwp%2Fv2%2Ftags&post=34643"}],"curies":[{"name":"wp","href":"https:\/\/api.w.org\/{rel}","templated":true}]}}