{"id":3465,"date":"2020-06-18T16:52:48","date_gmt":"2020-06-18T21:52:48","guid":{"rendered":"https:\/\/encuentroinformativo.com\/?p=3465"},"modified":"2020-06-18T16:52:50","modified_gmt":"2020-06-18T21:52:50","slug":"ciudadanos-de-coatepec-se-resisten-a-uso-de-cubrebocas","status":"publish","type":"post","link":"https:\/\/encuentroinformativo.com.mx\/?p=3465","title":{"rendered":"Ciudadanos de Coatepec se \u201cresisten\u201d a uso de cubrebocas"},"content":{"rendered":"\n<p><strong>Juan Arcos <\/strong><\/p>\n\n\n\n<p>Coatepec, Ver.- La cifra de contagios de Covid-19 contin\u00faa en aumento en el municipio de Coatepec; sin embargo, la poblaci\u00f3n muestra \u201cresistencia\u201d a acatar el uso obligatorio del cubrebocas.<\/p>\n\n\n\n<p>As\u00ed lo dio a conocer el regidor tercero del ayuntamiento de Coatepec, Jorge Ignacio Luna Hern\u00e1ndez, quien record\u00f3 que, hasta el momento, la Secretar\u00eda de Salud de Veracruz ha contabilizado 30 casos positivos en el Pueblo M\u00e1gico.<\/p>\n\n\n\n<p>Adem\u00e1s, se han registrado cinco defunciones, siete casos activos y 14 en investigaci\u00f3n.\u00a0<br>\u201cHemos observado con tristeza que mucha gente no usa el cubrebocas aun cuando la cifra de contagiados en Coatepec asciende a 30\u201d.<\/p>\n\n\n\n<p>El funcionario municipal indic\u00f3 que se prev\u00e9 una tendencia desfavorable en Coatepec por el aumento en los casos de Covid-19.<\/p>\n\n\n\n<p>El edil a\u00f1adi\u00f3 que a\u00fan no han sido aplicadas las sanciones por parte del ayuntamiento a quienes no portan cubrebocas.<\/p>\n\n\n\n<p>Record\u00f3 que el presidente municipal Luis Enrique Fern\u00e1ndez Peredo declar\u00f3 hace unos d\u00edas que ser\u00edan regalados cubrebocas a las personas que se encuentren en la v\u00eda p\u00fablica sin protecci\u00f3n facial.<\/p>\n\n\n\n<p>Sin embargo, dijo desconocer si dichas acciones realmente se est\u00e1n llevando a cabo, para contribuir a que sea respetado el uso obligatorio del cubrebocas.<\/p>\n\n\n\n<p>En calles como Arteaga, Miguel Lerdo, Juan Soto, Aldama, Melchor Ocampo y Santos Degollado se ha observado a transe\u00fantes sin protecci\u00f3n facial.<\/p>\n\n\n\n<p>Esta situaci\u00f3n es notoria tambi\u00e9n en personas que acuden al mercado Miguel Rebolledo del Pueblo M\u00e1gico.<\/p>\n\n\n\n<p><\/p>\n","protected":false},"excerpt":{"rendered":"<p>Juan Arcos Coatepec, Ver.- La cifra de contagios de Covid-19 contin\u00faa en aumento en el municipio de Coatepec; sin embargo, la poblaci\u00f3n muestra \u201cresistencia\u201d a acatar el uso obligatorio del cubrebocas. As\u00ed lo dio a conocer el regidor tercero del ayuntamiento de Coatepec, Jorge Ignacio Luna Hern\u00e1ndez, quien record\u00f3 que, hasta el momento, la Secretar\u00eda [&hellip;]<\/p>\n","protected":false},"author":1,"featured_media":3466,"comment_status":"open","ping_status":"open","sticky":false,"template":"","format":"standard","meta":{"_jetpack_memberships_contains_paid_content":false,"footnotes":""},"categories":[8],"tags":[],"class_list":["post-3465","post","type-post","status-publish","format-standard","has-post-thumbnail","hentry","category-region"],"jetpack_featured_media_url":"https:\/\/encuentroinformativo.com.mx\/wp-content\/uploads\/2020\/06\/8496B7DE-0716-482E-BBD0-5C2CA278586B.jpeg","jetpack_sharing_enabled":true,"jetpack_likes_enabled":true,"amp_enabled":true,"_links":{"self":[{"href":"https:\/\/encuentroinformativo.com.mx\/index.php?rest_route=\/wp\/v2\/posts\/3465","targetHints":{"allow":["GET"]}}],"collection":[{"href":"https:\/\/encuentroinformativo.com.mx\/index.php?rest_route=\/wp\/v2\/posts"}],"about":[{"href":"https:\/\/encuentroinformativo.com.mx\/index.php?rest_route=\/wp\/v2\/types\/post"}],"author":[{"embeddable":true,"href":"https:\/\/encuentroinformativo.com.mx\/index.php?rest_route=\/wp\/v2\/users\/1"}],"replies":[{"embeddable":true,"href":"https:\/\/encuentroinformativo.com.mx\/index.php?rest_route=%2Fwp%2Fv2%2Fcomments&post=3465"}],"version-history":[{"count":1,"href":"https:\/\/encuentroinformativo.com.mx\/index.php?rest_route=\/wp\/v2\/posts\/3465\/revisions"}],"predecessor-version":[{"id":3467,"href":"https:\/\/encuentroinformativo.com.mx\/index.php?rest_route=\/wp\/v2\/posts\/3465\/revisions\/3467"}],"wp:featuredmedia":[{"embeddable":true,"href":"https:\/\/encuentroinformativo.com.mx\/index.php?rest_route=\/wp\/v2\/media\/3466"}],"wp:attachment":[{"href":"https:\/\/encuentroinformativo.com.mx\/index.php?rest_route=%2Fwp%2Fv2%2Fmedia&parent=3465"}],"wp:term":[{"taxonomy":"category","embeddable":true,"href":"https:\/\/encuentroinformativo.com.mx\/index.php?rest_route=%2Fwp%2Fv2%2Fcategories&post=3465"},{"taxonomy":"post_tag","embeddable":true,"href":"https:\/\/encuentroinformativo.com.mx\/index.php?rest_route=%2Fwp%2Fv2%2Ftags&post=3465"}],"curies":[{"name":"wp","href":"https:\/\/api.w.org\/{rel}","templated":true}]}}