{"id":34651,"date":"2022-12-21T10:22:22","date_gmt":"2022-12-21T16:22:22","guid":{"rendered":"https:\/\/encuentroinformativo.com.mx\/?p=34651"},"modified":"2022-12-21T10:22:27","modified_gmt":"2022-12-21T16:22:27","slug":"chiste-chiste-chiste","status":"publish","type":"post","link":"https:\/\/encuentroinformativo.com.mx\/?p=34651","title":{"rendered":"CHISTE, CHISTE, CHISTE!"},"content":{"rendered":"\n<p><strong>Los Pol\u00edticos<\/strong><\/p>\n\n\n\n<p><strong>Salvador Mu\u00f1oz<\/strong><\/p>\n\n\n\n<p>Chiste! Chiste! Chiste!<\/p>\n\n\n\n<p>\u2013 Matrix navide\u00f1o: Neo y Trinity tienen un hijo\u2026 \u00bfC\u00f3mo se llama?<\/p>\n\n\n\n<p>\u2013 \u00a1No lo s\u00e9!<\/p>\n\n\n\n<p>\u2013 \u00a1Se llama Tri-Neo!<\/p>\n\n\n\n<p>S\u00ed, lo acepto\u2026 est\u00e1 seboso el chiste, pero en mi descargo, el chiste no es m\u00edo, se lo escuch\u00e9 al Carnal Marcelo. No, no al Pati\u00f1o de Tin Tan, sino al canciller quien a manera de popularizarse, le ha dado por reafirmar ese apodo que en su momento se lo achacaron para tratar de minarlo, pero que ahora lo utiliza para de cierto modo, evitar entre la raza de bronce el trabalenguas que implican sus apellidos: Ebrard Casaub\u00f3n. S\u00ed, mejor el Carnal Marcelo.<\/p>\n\n\n\n<p>Algo similar le ocurre a la jefa de Gobierno de la Ciudad de M\u00e9xico con su apellido: Sheinbaum, por eso ya optaron por Claudia.<\/p>\n\n\n\n<p>Quien de plano no tiene problemas con sus nombres y apellidos es Ad\u00e1n Augusto L\u00f3pez Hern\u00e1ndez, es m\u00e1s, tan es as\u00ed, que en Veracruz, el \u201cQue Siga L\u00f3pez\u201d ha tenido un efecto tan singular por algo muy simple: la gente se identifica con un apellido com\u00fan y popular en M\u00e9xico como lo puede ser el L\u00f3pez, Hern\u00e1ndez, Guti\u00e9rrez\u2026<\/p>\n\n\n\n<p>Agregue a Ad\u00e1n Augusto el acento al hablar con el que igual, es un distintivo singular lejos del afresado de Ebrard y distante del chilango de Sheinbaum.<\/p>\n\n\n\n<p>\u00a1Ah! El chiste del Carnal Marcelo lo vi en su Tik Tok al lado de su esposa Rosalinda Bueso quien le toc\u00f3 hacerla de pati\u00f1o.<\/p>\n\n\n\n<p>Marcelo Ebrard est\u00e1 viviendo un episodio en el que caen muchos pol\u00edticos que utilizan esta plataforma: de lo informativo caen en querer hacerse el chistoso.<\/p>\n\n\n\n<p>S\u00ed, me pueden decir que hay muchos pol\u00edticos que lo hacen, pero en inicio, as\u00ed le dieron forma, como el caso de Polo Deschamps, donde su actividad pol\u00edtica qued\u00f3 a un lado para divertirse junto a sus hijos haciendo videos muy chistosos\u2026<\/p>\n\n\n\n<p>Vamos, se trata de hacer un estilo propio, como el mismo Arturo Zald\u00edvar Lelo de Larrea, quien como Presidente de la SCJN, daba tips legales con singular gracia.<\/p>\n\n\n\n<p>En el caso del Carnal Marcelo, s\u00f3lo se podr\u00eda definir que por querer ser gracioso, perdi\u00f3 la gracia\u2026 y ya saben que en Veracruz para bailar la Bamba se necesita un poquito de gracia\u2026 como la tuvieron hace poco Sergio Guti\u00e9rrez Luna y el alcalde de Orizaba, Juan Manuel Diez Francos.<\/p>\n\n\n\n<p>El encuentro se dio en el complejo tur\u00edstico municipal tem\u00e1tico \u201cCasavegas\u201d, donde se recrea la \u00e9poca medieval espa\u00f1ola, con un castillo, casa Real, escudos del linaje, pendones coloridos, danzas y cantos, armaduras y una representaci\u00f3n de las torneos a caballo donde las y los participantes portan cota de malla, escudos, lanzas y espadas de acero\u2026 en pocas palabras, batallas entre caballeros, aunque en el caso de Cheko y Diez, fue un encuentro de caballeros, de pol\u00edticos y liderazgos.<\/p>\n\n\n\n<p>Si bien dicen que el tema en que se concentr\u00f3 la charla entre el minatitleco y el hispanozabe\u00f1o fue el desarrollo social y bienestar de los veracruzanos, es evidente que independientemente de los asuntos platicados, se crea una alianza lejos de siglas, colores y partidos\u2026 s\u00ed, porque para ser pol\u00edtico, tambi\u00e9n tiene su chiste y no precisamente como los que se tira Ebrard Casaub\u00f3n\u2026&nbsp;<\/p>\n\n\n\n<p>Chiste! Chiste! Chiste!<\/p>\n\n\n\n<p>\u2013 \u00bfQu\u00e9 pasar\u00eda si Bola 8 tuviera ojos azules?<\/p>\n\n\n\n<p>\u2013 \u00a1No lo s\u00e9!<\/p>\n\n\n\n<p>\u2013 \u00a1Ser\u00eda Paleta Payaso!<\/p>\n","protected":false},"excerpt":{"rendered":"<p>Los Pol\u00edticos Salvador Mu\u00f1oz Chiste! Chiste! Chiste! \u2013 Matrix navide\u00f1o: Neo y Trinity tienen un hijo\u2026 \u00bfC\u00f3mo se llama? \u2013 \u00a1No lo s\u00e9! \u2013 \u00a1Se llama Tri-Neo! S\u00ed, lo acepto\u2026 est\u00e1 seboso el chiste, pero en mi descargo, el chiste no es m\u00edo, se lo escuch\u00e9 al Carnal Marcelo. No, no al Pati\u00f1o de Tin [&hellip;]<\/p>\n","protected":false},"author":1,"featured_media":387,"comment_status":"open","ping_status":"open","sticky":false,"template":"","format":"standard","meta":{"_jetpack_memberships_contains_paid_content":false,"footnotes":""},"categories":[11],"tags":[],"class_list":["post-34651","post","type-post","status-publish","format-standard","has-post-thumbnail","hentry","category-opinion"],"jetpack_featured_media_url":"https:\/\/encuentroinformativo.com.mx\/wp-content\/uploads\/2020\/03\/7CF8A22B-2764-47BE-8F7F-38FE9E5D6A2F.jpeg","jetpack_sharing_enabled":true,"jetpack_likes_enabled":true,"amp_enabled":true,"_links":{"self":[{"href":"https:\/\/encuentroinformativo.com.mx\/index.php?rest_route=\/wp\/v2\/posts\/34651","targetHints":{"allow":["GET"]}}],"collection":[{"href":"https:\/\/encuentroinformativo.com.mx\/index.php?rest_route=\/wp\/v2\/posts"}],"about":[{"href":"https:\/\/encuentroinformativo.com.mx\/index.php?rest_route=\/wp\/v2\/types\/post"}],"author":[{"embeddable":true,"href":"https:\/\/encuentroinformativo.com.mx\/index.php?rest_route=\/wp\/v2\/users\/1"}],"replies":[{"embeddable":true,"href":"https:\/\/encuentroinformativo.com.mx\/index.php?rest_route=%2Fwp%2Fv2%2Fcomments&post=34651"}],"version-history":[{"count":1,"href":"https:\/\/encuentroinformativo.com.mx\/index.php?rest_route=\/wp\/v2\/posts\/34651\/revisions"}],"predecessor-version":[{"id":34652,"href":"https:\/\/encuentroinformativo.com.mx\/index.php?rest_route=\/wp\/v2\/posts\/34651\/revisions\/34652"}],"wp:featuredmedia":[{"embeddable":true,"href":"https:\/\/encuentroinformativo.com.mx\/index.php?rest_route=\/wp\/v2\/media\/387"}],"wp:attachment":[{"href":"https:\/\/encuentroinformativo.com.mx\/index.php?rest_route=%2Fwp%2Fv2%2Fmedia&parent=34651"}],"wp:term":[{"taxonomy":"category","embeddable":true,"href":"https:\/\/encuentroinformativo.com.mx\/index.php?rest_route=%2Fwp%2Fv2%2Fcategories&post=34651"},{"taxonomy":"post_tag","embeddable":true,"href":"https:\/\/encuentroinformativo.com.mx\/index.php?rest_route=%2Fwp%2Fv2%2Ftags&post=34651"}],"curies":[{"name":"wp","href":"https:\/\/api.w.org\/{rel}","templated":true}]}}