{"id":34656,"date":"2022-12-21T11:46:23","date_gmt":"2022-12-21T17:46:23","guid":{"rendered":"https:\/\/encuentroinformativo.com.mx\/?p=34656"},"modified":"2022-12-21T11:46:27","modified_gmt":"2022-12-21T17:46:27","slug":"alvaradeno-resulto-lesionado-en-desmantelamiento-de-el-capri","status":"publish","type":"post","link":"https:\/\/encuentroinformativo.com.mx\/?p=34656","title":{"rendered":"Alvarade\u00f1o result\u00f3 lesionado en desmantelamiento de &#8220;El Capri&#8221;"},"content":{"rendered":"\n<p><strong>Alejandro \u00c1vila<\/strong><\/p>\n\n\n\n<p>Alvarado, Ver.- La tarde de este martes durante los trabajos de desmantelamiento de la embarcaci\u00f3n &#8220;El Capri&#8221;, un trabajador de la empresa Ferrocicables S.A. de C.V. result\u00f3 severamente lesionado.<\/p>\n\n\n\n<p>A trav\u00e9s de grupos de <em>WhatsApp<\/em> se envi\u00f3 la llamada de auxilio para que los elementos de Protecci\u00f3n Civil Municipal acudieron al sitio a brindar apoyo.<\/p>\n\n\n\n<p>&#8220;Necesitamos ayuda, ya que Caquito se estaba ahogando, creo que trag\u00f3 mucha agua, necesitamos ayuda aqu\u00ed en el Capri&#8221;, se escucha en un audio de voz.<\/p>\n\n\n\n<p>Los hechos ocurrieron la tarde de este martes a la altura de la playa La Cava d\u00f3nde se encuentra varado el barco &#8220;El Capri&#8221; desde hace varios meses en el municipio de Alvarado, y desde hace algunas semanas se mandaron cuadrillas para su desmantelamiento.<\/p>\n\n\n\n<p>Momentos de angustia y tensi\u00f3n vivieron sus familiares hasta que les fue informado que el joven finalmente fue hospitalizado, y tras horas de atenci\u00f3n se report\u00f3 su salud como estable.<\/p>\n\n\n\n<p>Familiares de los trabajadores de la empresa Ferrocicables, han denunciado durante meses, que los empleados trabajan con las m\u00ednimas normas de seguridad industrial; incluso se\u00f1alaron como il\u00f3gico que fueran enviados a trabajar este martes con las fuertes rachas de viento que est\u00e1n pronosticadas.<\/p>\n\n\n\n<p>Cabe mencionar que esta empresa tiene apenas un a\u00f1o y medio de haberse instalado en el municipio de Alvarado; y en julio del 2021 se anunci\u00f3 la inversi\u00f3n del empresario Sami Hayek Dom\u00ednguez, qui\u00e9n ayudar\u00eda a incrementar la plantilla hasta los 500 trabajadores.<\/p>\n","protected":false},"excerpt":{"rendered":"<p>Alejandro \u00c1vila Alvarado, Ver.- La tarde de este martes durante los trabajos de desmantelamiento de la embarcaci\u00f3n &#8220;El Capri&#8221;, un trabajador de la empresa Ferrocicables S.A. de C.V. result\u00f3 severamente lesionado. A trav\u00e9s de grupos de WhatsApp se envi\u00f3 la llamada de auxilio para que los elementos de Protecci\u00f3n Civil Municipal acudieron al sitio a [&hellip;]<\/p>\n","protected":false},"author":1,"featured_media":34657,"comment_status":"open","ping_status":"open","sticky":false,"template":"","format":"standard","meta":{"_jetpack_memberships_contains_paid_content":false,"footnotes":""},"categories":[2],"tags":[],"class_list":["post-34656","post","type-post","status-publish","format-standard","has-post-thumbnail","hentry","category-estado"],"jetpack_featured_media_url":"https:\/\/encuentroinformativo.com.mx\/wp-content\/uploads\/2022\/12\/99037405-686E-45FF-B415-3FE48FDCD6F6.jpeg","jetpack_sharing_enabled":true,"jetpack_likes_enabled":true,"amp_enabled":true,"_links":{"self":[{"href":"https:\/\/encuentroinformativo.com.mx\/index.php?rest_route=\/wp\/v2\/posts\/34656","targetHints":{"allow":["GET"]}}],"collection":[{"href":"https:\/\/encuentroinformativo.com.mx\/index.php?rest_route=\/wp\/v2\/posts"}],"about":[{"href":"https:\/\/encuentroinformativo.com.mx\/index.php?rest_route=\/wp\/v2\/types\/post"}],"author":[{"embeddable":true,"href":"https:\/\/encuentroinformativo.com.mx\/index.php?rest_route=\/wp\/v2\/users\/1"}],"replies":[{"embeddable":true,"href":"https:\/\/encuentroinformativo.com.mx\/index.php?rest_route=%2Fwp%2Fv2%2Fcomments&post=34656"}],"version-history":[{"count":1,"href":"https:\/\/encuentroinformativo.com.mx\/index.php?rest_route=\/wp\/v2\/posts\/34656\/revisions"}],"predecessor-version":[{"id":34658,"href":"https:\/\/encuentroinformativo.com.mx\/index.php?rest_route=\/wp\/v2\/posts\/34656\/revisions\/34658"}],"wp:featuredmedia":[{"embeddable":true,"href":"https:\/\/encuentroinformativo.com.mx\/index.php?rest_route=\/wp\/v2\/media\/34657"}],"wp:attachment":[{"href":"https:\/\/encuentroinformativo.com.mx\/index.php?rest_route=%2Fwp%2Fv2%2Fmedia&parent=34656"}],"wp:term":[{"taxonomy":"category","embeddable":true,"href":"https:\/\/encuentroinformativo.com.mx\/index.php?rest_route=%2Fwp%2Fv2%2Fcategories&post=34656"},{"taxonomy":"post_tag","embeddable":true,"href":"https:\/\/encuentroinformativo.com.mx\/index.php?rest_route=%2Fwp%2Fv2%2Ftags&post=34656"}],"curies":[{"name":"wp","href":"https:\/\/api.w.org\/{rel}","templated":true}]}}