{"id":34659,"date":"2022-12-21T12:21:49","date_gmt":"2022-12-21T18:21:49","guid":{"rendered":"https:\/\/encuentroinformativo.com.mx\/?p=34659"},"modified":"2022-12-21T12:21:53","modified_gmt":"2022-12-21T18:21:53","slug":"nombran-a-bogar-ruiz-promotor-del-voto-de-marcelo-ebrard-en-veracruz","status":"publish","type":"post","link":"https:\/\/encuentroinformativo.com.mx\/?p=34659","title":{"rendered":"Nombran a Bogar Ruiz promotor del voto de Marcelo Ebrard en Veracruz"},"content":{"rendered":"\n<p><strong>Alejandro \u00c1vila<\/strong><\/p>\n\n\n\n<p>Alvarado, Ver.- El ex alcalde de Alvarado, Bogar Ruiz Rosas, ha sido nombrado como el principal promotor del voto en Veracruz del secretario de Relaciones Exteriores, Marcelo Ebrard Casaub\u00f3n, en su aspiraci\u00f3n por convertirse en el candidato a la presidencia de la rep\u00fablica en el 2024.<\/p>\n\n\n\n<p>El militante del Partido Verde Ecologista, sostuvo esta semana una reuni\u00f3n en Veracruz, con parte del equipo de promoci\u00f3n del voto del ex Jefe de Gobierno.<\/p>\n\n\n\n<p>\u201cEl d\u00eda de hoy toc\u00f3 Veracruz, seguimos construyendo equipo para que Marcelo Ebrard sea el que encabece la encuesta de Morena &#8220;La Esperanza de M\u00e9xico&#8221;, para la presidencia de la Republica. Gracias al Ingeniero, Bogar Ruiz Rosas, se suma y apoye nuestro proyecto\u201d, public\u00f3 desde su cuenta de twitter, Pedro Nicol\u00e1s L\u00f3pez, uno de los mayores operadores pol\u00edticos electorales de Marcelo Ebrard.<\/p>\n\n\n\n<p>Es de mencionar que, Bogar Ruiz en la zona Sur-Sureste del pa\u00eds, se ha convertido en el m\u00e1ximo promotor electoral del aspirante a suceder a Andr\u00e9s Manuel L\u00f3pez Obrador, Marcelo Ebrard.<\/p>\n","protected":false},"excerpt":{"rendered":"<p>Alejandro \u00c1vila Alvarado, Ver.- El ex alcalde de Alvarado, Bogar Ruiz Rosas, ha sido nombrado como el principal promotor del voto en Veracruz del secretario de Relaciones Exteriores, Marcelo Ebrard Casaub\u00f3n, en su aspiraci\u00f3n por convertirse en el candidato a la presidencia de la rep\u00fablica en el 2024. El militante del Partido Verde Ecologista, sostuvo [&hellip;]<\/p>\n","protected":false},"author":1,"featured_media":34660,"comment_status":"open","ping_status":"open","sticky":false,"template":"","format":"standard","meta":{"_jetpack_memberships_contains_paid_content":false,"footnotes":""},"categories":[12],"tags":[],"class_list":["post-34659","post","type-post","status-publish","format-standard","has-post-thumbnail","hentry","category-nacional"],"jetpack_featured_media_url":"https:\/\/encuentroinformativo.com.mx\/wp-content\/uploads\/2022\/12\/5DAA127A-43F3-4514-93EC-B4D05AED03D4.jpeg","jetpack_sharing_enabled":true,"jetpack_likes_enabled":true,"amp_enabled":true,"_links":{"self":[{"href":"https:\/\/encuentroinformativo.com.mx\/index.php?rest_route=\/wp\/v2\/posts\/34659","targetHints":{"allow":["GET"]}}],"collection":[{"href":"https:\/\/encuentroinformativo.com.mx\/index.php?rest_route=\/wp\/v2\/posts"}],"about":[{"href":"https:\/\/encuentroinformativo.com.mx\/index.php?rest_route=\/wp\/v2\/types\/post"}],"author":[{"embeddable":true,"href":"https:\/\/encuentroinformativo.com.mx\/index.php?rest_route=\/wp\/v2\/users\/1"}],"replies":[{"embeddable":true,"href":"https:\/\/encuentroinformativo.com.mx\/index.php?rest_route=%2Fwp%2Fv2%2Fcomments&post=34659"}],"version-history":[{"count":1,"href":"https:\/\/encuentroinformativo.com.mx\/index.php?rest_route=\/wp\/v2\/posts\/34659\/revisions"}],"predecessor-version":[{"id":34661,"href":"https:\/\/encuentroinformativo.com.mx\/index.php?rest_route=\/wp\/v2\/posts\/34659\/revisions\/34661"}],"wp:featuredmedia":[{"embeddable":true,"href":"https:\/\/encuentroinformativo.com.mx\/index.php?rest_route=\/wp\/v2\/media\/34660"}],"wp:attachment":[{"href":"https:\/\/encuentroinformativo.com.mx\/index.php?rest_route=%2Fwp%2Fv2%2Fmedia&parent=34659"}],"wp:term":[{"taxonomy":"category","embeddable":true,"href":"https:\/\/encuentroinformativo.com.mx\/index.php?rest_route=%2Fwp%2Fv2%2Fcategories&post=34659"},{"taxonomy":"post_tag","embeddable":true,"href":"https:\/\/encuentroinformativo.com.mx\/index.php?rest_route=%2Fwp%2Fv2%2Ftags&post=34659"}],"curies":[{"name":"wp","href":"https:\/\/api.w.org\/{rel}","templated":true}]}}