{"id":34668,"date":"2022-12-21T14:35:25","date_gmt":"2022-12-21T20:35:25","guid":{"rendered":"https:\/\/encuentroinformativo.com.mx\/?p=34668"},"modified":"2022-12-21T14:35:28","modified_gmt":"2022-12-21T20:35:28","slug":"avanza-fractura-interna-en-el-pan","status":"publish","type":"post","link":"https:\/\/encuentroinformativo.com.mx\/?p=34668","title":{"rendered":"Avanza fractura interna en el PAN"},"content":{"rendered":"\n<p><strong>Juan Arcos <\/strong><\/p>\n\n\n\n<p>Xalapa, Ver.- L\u00edderes panistas exhibieron p\u00fablicamente que el Partido Acci\u00f3n Nacional (PAN) est\u00e1 fracturado en el estado de Veracruz, situaci\u00f3n que podr\u00eda debilitarlo rumbo a la elecci\u00f3n de 2024.<\/p>\n\n\n\n<p>Lo anterior, tras la designaci\u00f3n de los cuatro magistrados del reci\u00e9n creado Tribunal de Justicia Administrativa del Estado de Veracruz (Trijav) por parte del Congreso local, donde uno de ellos es Rub\u00e9n Hern\u00e1ndez Mendiola, quien fung\u00eda como representante del PAN ante el Organismo P\u00fablico Local Electoral (OPLE).<\/p>\n\n\n\n<p>En conferencia de prensa, realizada en el Comit\u00e9 Directivo Estatal (CDE), la secretaria general del albiazul, Indira Rosales San Rom\u00e1n, sostuvo que hay \u201ccontubernio\u201d entre el Movimiento de Regeneraci\u00f3n Nacional (Morena) y el grupo del PAN, que encabeza Joaqu\u00edn Guzm\u00e1n Avil\u00e9s, alias \u201cChapito\u201d.<\/p>\n\n\n\n<p>\u201cFueron tres diputados de la bancada del Partido Acci\u00f3n Nacional quienes estuvieron a favor de votar a estos magistrados a modo y a propuesta del gobernador. Son tres diputados que en lo oscurito se est\u00e1n reuniendo con el gobernador para hacer acuerdos: Hugo Gonz\u00e1lez, Nora Lagunes y Bingen Rementer\u00eda\u201d, expres\u00f3.<\/p>\n\n\n\n<p>La tambi\u00e9n Senadora de la Rep\u00fablica asegur\u00f3 que se iniciar\u00e1 un procedimiento de sanci\u00f3n contra dichos legisladores panistas para su inhabilitaci\u00f3n o expulsi\u00f3n por parte de la Comisi\u00f3n de Justicia del Comit\u00e9 Ejecutivo Nacional (CEN) del PAN.<\/p>\n\n\n\n<p>\u201cYo s\u00ed lo digo en el caso espec\u00edfico de Julen Rementer\u00eda, el coordinador de Senadores en el Grupo Parlamentario de Acci\u00f3n Nacional, desafortunadamente no puedes decir algo en el Senado de la Rep\u00fablica y que tu hijo vote con Morena aqu\u00ed en el Congreso del Estado, eso es totalmente incongruente\u201d, enfatiz\u00f3.<\/p>\n\n\n\n<p>Sin embargo, reconoci\u00f3 que, en ocasiones, no se proceder\u00e1 contra los legisladores panistas que avalen iniciativas de Morena en el Congreso de Veracruz, siempre y cuando, sean en beneficio del pueblo.<\/p>\n\n\n\n<p>La Senadora y los dem\u00e1s integrantes del Comit\u00e9 Directivo Estatal del PAN son cercanos a la familia Yunes, misma que se ha disputado la dirigencia del partido en Veracruz con el grupo pol\u00edtico que encabez\u00f3 Guzm\u00e1n Avil\u00e9s.<\/p>\n","protected":false},"excerpt":{"rendered":"<p>Juan Arcos Xalapa, Ver.- L\u00edderes panistas exhibieron p\u00fablicamente que el Partido Acci\u00f3n Nacional (PAN) est\u00e1 fracturado en el estado de Veracruz, situaci\u00f3n que podr\u00eda debilitarlo rumbo a la elecci\u00f3n de 2024. Lo anterior, tras la designaci\u00f3n de los cuatro magistrados del reci\u00e9n creado Tribunal de Justicia Administrativa del Estado de Veracruz (Trijav) por parte del [&hellip;]<\/p>\n","protected":false},"author":1,"featured_media":34669,"comment_status":"open","ping_status":"open","sticky":false,"template":"","format":"standard","meta":{"_jetpack_memberships_contains_paid_content":false,"footnotes":""},"categories":[2],"tags":[],"class_list":["post-34668","post","type-post","status-publish","format-standard","has-post-thumbnail","hentry","category-estado"],"jetpack_featured_media_url":"https:\/\/encuentroinformativo.com.mx\/wp-content\/uploads\/2022\/12\/8E149501-83FA-4A15-9E67-582A55A29483.jpeg","jetpack_sharing_enabled":true,"jetpack_likes_enabled":true,"amp_enabled":true,"_links":{"self":[{"href":"https:\/\/encuentroinformativo.com.mx\/index.php?rest_route=\/wp\/v2\/posts\/34668","targetHints":{"allow":["GET"]}}],"collection":[{"href":"https:\/\/encuentroinformativo.com.mx\/index.php?rest_route=\/wp\/v2\/posts"}],"about":[{"href":"https:\/\/encuentroinformativo.com.mx\/index.php?rest_route=\/wp\/v2\/types\/post"}],"author":[{"embeddable":true,"href":"https:\/\/encuentroinformativo.com.mx\/index.php?rest_route=\/wp\/v2\/users\/1"}],"replies":[{"embeddable":true,"href":"https:\/\/encuentroinformativo.com.mx\/index.php?rest_route=%2Fwp%2Fv2%2Fcomments&post=34668"}],"version-history":[{"count":1,"href":"https:\/\/encuentroinformativo.com.mx\/index.php?rest_route=\/wp\/v2\/posts\/34668\/revisions"}],"predecessor-version":[{"id":34670,"href":"https:\/\/encuentroinformativo.com.mx\/index.php?rest_route=\/wp\/v2\/posts\/34668\/revisions\/34670"}],"wp:featuredmedia":[{"embeddable":true,"href":"https:\/\/encuentroinformativo.com.mx\/index.php?rest_route=\/wp\/v2\/media\/34669"}],"wp:attachment":[{"href":"https:\/\/encuentroinformativo.com.mx\/index.php?rest_route=%2Fwp%2Fv2%2Fmedia&parent=34668"}],"wp:term":[{"taxonomy":"category","embeddable":true,"href":"https:\/\/encuentroinformativo.com.mx\/index.php?rest_route=%2Fwp%2Fv2%2Fcategories&post=34668"},{"taxonomy":"post_tag","embeddable":true,"href":"https:\/\/encuentroinformativo.com.mx\/index.php?rest_route=%2Fwp%2Fv2%2Ftags&post=34668"}],"curies":[{"name":"wp","href":"https:\/\/api.w.org\/{rel}","templated":true}]}}