{"id":34675,"date":"2022-12-21T15:31:04","date_gmt":"2022-12-21T21:31:04","guid":{"rendered":"https:\/\/encuentroinformativo.com.mx\/?p=34675"},"modified":"2022-12-21T15:31:07","modified_gmt":"2022-12-21T21:31:07","slug":"medico-acusado-de-violencia-vicaria-expone-a-sus-hijos","status":"publish","type":"post","link":"https:\/\/encuentroinformativo.com.mx\/?p=34675","title":{"rendered":"M\u00e9dico acusado de violencia vicaria expone a sus hijos"},"content":{"rendered":"\n<p><strong>Juan Arcos <\/strong><\/p>\n\n\n\n<p>Xalapa, Ver.- Elisa Mar\u00eda Sald\u00edvar Barcelata est\u00e1 presa desde el pasado 13 de octubre por violencia vicaria y mientras sus familiares daban conferencia de prensa para exigir su liberaci\u00f3n, se present\u00f3 su expareja, quien procedi\u00f3 legalmente contra ella, utilizando a sus hijos para presuntamente demostrar que se encuentran mejor con \u00e9l.<\/p>\n\n\n\n<p>Esto ocurri\u00f3 en la ciudad de Canc\u00fan, estado de Quintana Roo, donde la mujer veracruzana se encuentra recluida al interior del Centro de Readaptaci\u00f3n Social (Cereso) por el presunto delito de corrupci\u00f3n de menores.<\/p>\n\n\n\n<p>Sus familias y amigos han denunciado que el padre de los hijos de Elisa, el m\u00e9dico Juan Eugenio \u201cN\u201d, est\u00e1 amparado por la violencia institucional y presuntamente por el abuso de autoridad de sus familiares, quienes se desempe\u00f1an como servidores p\u00fablicos en el Poder Judicial y en el Gobierno del Estado de Veracruz.<\/p>\n\n\n\n<p>El Frente Nacional de Mujeres repudi\u00f3 al Estado que Elisa est\u00e9 en una celda por un delito que no cometi\u00f3, mientras sus agresores \u201cduermen en plena impunidad y el cobijo de la comodidad que les otorga el acceso al poder\u201d.<\/p>\n\n\n\n<p>En un pronunciamiento, las feministas sostuvieron que Juan Eugenio \u201cN\u201d expuso a los menores durante la conferencia de prensa, sin tomar en cuenta su bienestar.<\/p>\n\n\n\n<p>El m\u00e9dico admiti\u00f3 haber agredido a otro hijo de Elisa, bajo el argumento de que en alguna ocasi\u00f3n el joven estaba fuera de control.<\/p>\n\n\n\n<p>\u201cAl final de la conferencia intent\u00f3 dar dinero a los medios de comunicaci\u00f3n a fin de que solo difundieran su versi\u00f3n de los hechos, lo cual fue rechazado por los presentes\u201d, indicaron las integrantes del Frente Nacional de Mujeres.<\/p>\n\n\n\n<p>Elisa Mar\u00eda fue vinculada a proceso con una medida cautelar de dos a\u00f1os de prisi\u00f3n preventiva oficiosa y seis meses para la investigaci\u00f3n complementaria por una jueza que despu\u00e9s se declar\u00f3 \u201cincompetente\u201d para la materia y turn\u00f3 el caso a un juez en Playa del Carmen.<\/p>\n\n\n\n<p>Diversos colectivos feministas se han pronunciado para exigir justicia en este caso y la liberaci\u00f3n inmediata de Elisa.<\/p>\n","protected":false},"excerpt":{"rendered":"<p>Juan Arcos Xalapa, Ver.- Elisa Mar\u00eda Sald\u00edvar Barcelata est\u00e1 presa desde el pasado 13 de octubre por violencia vicaria y mientras sus familiares daban conferencia de prensa para exigir su liberaci\u00f3n, se present\u00f3 su expareja, quien procedi\u00f3 legalmente contra ella, utilizando a sus hijos para presuntamente demostrar que se encuentran mejor con \u00e9l. Esto ocurri\u00f3 [&hellip;]<\/p>\n","protected":false},"author":1,"featured_media":67,"comment_status":"open","ping_status":"open","sticky":false,"template":"","format":"standard","meta":{"_jetpack_memberships_contains_paid_content":false,"footnotes":""},"categories":[12],"tags":[],"class_list":["post-34675","post","type-post","status-publish","format-standard","has-post-thumbnail","hentry","category-nacional"],"jetpack_featured_media_url":"https:\/\/encuentroinformativo.com.mx\/wp-content\/uploads\/2020\/02\/violencia.jpg","jetpack_sharing_enabled":true,"jetpack_likes_enabled":true,"amp_enabled":true,"_links":{"self":[{"href":"https:\/\/encuentroinformativo.com.mx\/index.php?rest_route=\/wp\/v2\/posts\/34675","targetHints":{"allow":["GET"]}}],"collection":[{"href":"https:\/\/encuentroinformativo.com.mx\/index.php?rest_route=\/wp\/v2\/posts"}],"about":[{"href":"https:\/\/encuentroinformativo.com.mx\/index.php?rest_route=\/wp\/v2\/types\/post"}],"author":[{"embeddable":true,"href":"https:\/\/encuentroinformativo.com.mx\/index.php?rest_route=\/wp\/v2\/users\/1"}],"replies":[{"embeddable":true,"href":"https:\/\/encuentroinformativo.com.mx\/index.php?rest_route=%2Fwp%2Fv2%2Fcomments&post=34675"}],"version-history":[{"count":1,"href":"https:\/\/encuentroinformativo.com.mx\/index.php?rest_route=\/wp\/v2\/posts\/34675\/revisions"}],"predecessor-version":[{"id":34676,"href":"https:\/\/encuentroinformativo.com.mx\/index.php?rest_route=\/wp\/v2\/posts\/34675\/revisions\/34676"}],"wp:featuredmedia":[{"embeddable":true,"href":"https:\/\/encuentroinformativo.com.mx\/index.php?rest_route=\/wp\/v2\/media\/67"}],"wp:attachment":[{"href":"https:\/\/encuentroinformativo.com.mx\/index.php?rest_route=%2Fwp%2Fv2%2Fmedia&parent=34675"}],"wp:term":[{"taxonomy":"category","embeddable":true,"href":"https:\/\/encuentroinformativo.com.mx\/index.php?rest_route=%2Fwp%2Fv2%2Fcategories&post=34675"},{"taxonomy":"post_tag","embeddable":true,"href":"https:\/\/encuentroinformativo.com.mx\/index.php?rest_route=%2Fwp%2Fv2%2Ftags&post=34675"}],"curies":[{"name":"wp","href":"https:\/\/api.w.org\/{rel}","templated":true}]}}