{"id":3468,"date":"2020-06-18T17:15:09","date_gmt":"2020-06-18T22:15:09","guid":{"rendered":"https:\/\/encuentroinformativo.com\/?p=3468"},"modified":"2020-06-18T17:15:13","modified_gmt":"2020-06-18T22:15:13","slug":"por-dia-del-padre-permaneceran-cerrados-los-cementerios","status":"publish","type":"post","link":"https:\/\/encuentroinformativo.com.mx\/?p=3468","title":{"rendered":"Por D\u00eda del Padre, permanecer\u00e1n cerrados los cementerios"},"content":{"rendered":"\n<p><strong>Juan Arcos <\/strong><\/p>\n\n\n\n<p>Coatepec, Ver.- Los panteones de Coatepec permanecer\u00e1n cerrados durante el D\u00eda del Padre, el pr\u00f3ximo 21 de junio.<\/p>\n\n\n\n<p>El presidente municipal de Coatepec, Luis Enrique Fern\u00e1ndez Peredo, dio a conocer en sus cuentas oficiales de redes sociales que estos lugares no abrir\u00e1n sus puertas\u00a0de este jueves 18 al 22 de junio, para frenar los contagios del Covid-19.<\/p>\n\n\n\n<p>Dicha situaci\u00f3n deber\u00e1 respetarse en los cementerios de las localidades y de la cabecera municipal.<\/p>\n\n\n\n<p>Se busca evitar la aglomeraci\u00f3n de personas, debido al aumento de casos positivos en el Pueblo M\u00e1gico.<\/p>\n\n\n\n<p>Y es que hasta el momento van 30 casos confirmados, siete activos, cinco defunciones y 14 en investigaci\u00f3n. La mayor\u00eda de los contagios se registraron en lo que va de este mes.<\/p>\n\n\n\n<p>Por tal motivo, el ayuntamiento de Coatepec, como parte de las acciones preventivas, determin\u00f3 que s\u00f3lo habr\u00e1 acceso a los panteones en caso de una defunci\u00f3n, manteniendo las medidas preventivas de la sana distancia y el acceso de 20 personas como m\u00e1ximo.<\/p>\n\n\n\n<p>Fern\u00e1ndez Peredo comparti\u00f3 un aviso del gobierno municipal donde detalla que tambi\u00e9n estar\u00e1 prohibida la venta de flores y la presencia de vendedores ambulantes afuera de los panteones.<\/p>\n\n\n\n<p>Cabe recordar que tambi\u00e9n para la festividad del D\u00eda de las Madres, el 10 de mayo, los cementerios permanecieron cerrados por la contingencia sanitaria.<\/p>\n\n\n\n<p><\/p>\n","protected":false},"excerpt":{"rendered":"<p>Juan Arcos Coatepec, Ver.- Los panteones de Coatepec permanecer\u00e1n cerrados durante el D\u00eda del Padre, el pr\u00f3ximo 21 de junio. El presidente municipal de Coatepec, Luis Enrique Fern\u00e1ndez Peredo, dio a conocer en sus cuentas oficiales de redes sociales que estos lugares no abrir\u00e1n sus puertas\u00a0de este jueves 18 al 22 de junio, para frenar [&hellip;]<\/p>\n","protected":false},"author":1,"featured_media":3469,"comment_status":"open","ping_status":"open","sticky":false,"template":"","format":"standard","meta":{"_jetpack_memberships_contains_paid_content":false,"footnotes":""},"categories":[8],"tags":[],"class_list":["post-3468","post","type-post","status-publish","format-standard","has-post-thumbnail","hentry","category-region"],"jetpack_featured_media_url":"https:\/\/encuentroinformativo.com.mx\/wp-content\/uploads\/2020\/06\/722A1DB3-BCFD-4692-A051-4DF5B3E5B255.jpeg","jetpack_sharing_enabled":true,"jetpack_likes_enabled":true,"amp_enabled":true,"_links":{"self":[{"href":"https:\/\/encuentroinformativo.com.mx\/index.php?rest_route=\/wp\/v2\/posts\/3468","targetHints":{"allow":["GET"]}}],"collection":[{"href":"https:\/\/encuentroinformativo.com.mx\/index.php?rest_route=\/wp\/v2\/posts"}],"about":[{"href":"https:\/\/encuentroinformativo.com.mx\/index.php?rest_route=\/wp\/v2\/types\/post"}],"author":[{"embeddable":true,"href":"https:\/\/encuentroinformativo.com.mx\/index.php?rest_route=\/wp\/v2\/users\/1"}],"replies":[{"embeddable":true,"href":"https:\/\/encuentroinformativo.com.mx\/index.php?rest_route=%2Fwp%2Fv2%2Fcomments&post=3468"}],"version-history":[{"count":1,"href":"https:\/\/encuentroinformativo.com.mx\/index.php?rest_route=\/wp\/v2\/posts\/3468\/revisions"}],"predecessor-version":[{"id":3470,"href":"https:\/\/encuentroinformativo.com.mx\/index.php?rest_route=\/wp\/v2\/posts\/3468\/revisions\/3470"}],"wp:featuredmedia":[{"embeddable":true,"href":"https:\/\/encuentroinformativo.com.mx\/index.php?rest_route=\/wp\/v2\/media\/3469"}],"wp:attachment":[{"href":"https:\/\/encuentroinformativo.com.mx\/index.php?rest_route=%2Fwp%2Fv2%2Fmedia&parent=3468"}],"wp:term":[{"taxonomy":"category","embeddable":true,"href":"https:\/\/encuentroinformativo.com.mx\/index.php?rest_route=%2Fwp%2Fv2%2Fcategories&post=3468"},{"taxonomy":"post_tag","embeddable":true,"href":"https:\/\/encuentroinformativo.com.mx\/index.php?rest_route=%2Fwp%2Fv2%2Ftags&post=3468"}],"curies":[{"name":"wp","href":"https:\/\/api.w.org\/{rel}","templated":true}]}}