{"id":34683,"date":"2022-12-22T10:07:12","date_gmt":"2022-12-22T16:07:12","guid":{"rendered":"https:\/\/encuentroinformativo.com.mx\/?p=34683"},"modified":"2022-12-22T10:07:15","modified_gmt":"2022-12-22T16:07:15","slug":"regreso-de-carnaval-de-tlalixcoyan-reactivara-economia","status":"publish","type":"post","link":"https:\/\/encuentroinformativo.com.mx\/?p=34683","title":{"rendered":"Regreso de Carnaval de Tlalixcoyan reactivar\u00e1 econom\u00eda"},"content":{"rendered":"\n<p><strong>Alejandro \u00c1vila<\/strong><\/p>\n\n\n\n<p>Tlalixcoyan, Ver.- La alcaldesa de Tlalixcoyan, Elvia Illescas Loyo, destac\u00f3 el regreso del Carnaval para el 2023 con lo cual se reactivar\u00e1 la econom\u00eda del municipio.<\/p>\n\n\n\n<p>Es de mencionar que debido a la pandemia se suspendieron los eventos masivos, y tan solo el Carnaval de Tlalixcoyan generaba una derrama econ\u00f3mica de 10 millones de pesos.<\/p>\n\n\n\n<p>&#8220;Ahora les tengo una gran noticia, si las condiciones sanitarias y climatol\u00f3gicas lo permiten, en el 2023 estaremos realizando nuestro tradicional Carnaval qu\u00e9 tanto estamos esperando&#8221;, expres\u00f3.<\/p>\n\n\n\n<p>Las fechas para el Carnaval de Tlalixcoyan a\u00fan no est\u00e1n definidas, pues cabe mencionar qu\u00e9 dicha festividad se realizaba posterior a la del municipio de Veracruz, mismo qu\u00e9 ha decidido llevar a cabo sus fiestas carnestolendas del 29 de junio al 5 de julio del 2023.<\/p>\n\n\n\n<p>Los carros aleg\u00f3ricos y gradas son rentados a otros municipios de la entidad veracruzana posterior a realizarse el Carnaval de Veracruz, por lo que ser\u00e1 en el transcurso del 2023 cu\u00e1ndo el municipio de Tlalixcoyan defina las fechas en su Carnaval.<\/p>\n","protected":false},"excerpt":{"rendered":"<p>Alejandro \u00c1vila Tlalixcoyan, Ver.- La alcaldesa de Tlalixcoyan, Elvia Illescas Loyo, destac\u00f3 el regreso del Carnaval para el 2023 con lo cual se reactivar\u00e1 la econom\u00eda del municipio. Es de mencionar que debido a la pandemia se suspendieron los eventos masivos, y tan solo el Carnaval de Tlalixcoyan generaba una derrama econ\u00f3mica de 10 millones [&hellip;]<\/p>\n","protected":false},"author":1,"featured_media":34684,"comment_status":"open","ping_status":"open","sticky":false,"template":"","format":"standard","meta":{"_jetpack_memberships_contains_paid_content":false,"footnotes":""},"categories":[2],"tags":[],"class_list":["post-34683","post","type-post","status-publish","format-standard","has-post-thumbnail","hentry","category-estado"],"jetpack_featured_media_url":"https:\/\/encuentroinformativo.com.mx\/wp-content\/uploads\/2022\/12\/614F6BB5-C3E4-44EE-BAF0-6459C5563388.jpeg","jetpack_sharing_enabled":true,"jetpack_likes_enabled":true,"amp_enabled":true,"_links":{"self":[{"href":"https:\/\/encuentroinformativo.com.mx\/index.php?rest_route=\/wp\/v2\/posts\/34683","targetHints":{"allow":["GET"]}}],"collection":[{"href":"https:\/\/encuentroinformativo.com.mx\/index.php?rest_route=\/wp\/v2\/posts"}],"about":[{"href":"https:\/\/encuentroinformativo.com.mx\/index.php?rest_route=\/wp\/v2\/types\/post"}],"author":[{"embeddable":true,"href":"https:\/\/encuentroinformativo.com.mx\/index.php?rest_route=\/wp\/v2\/users\/1"}],"replies":[{"embeddable":true,"href":"https:\/\/encuentroinformativo.com.mx\/index.php?rest_route=%2Fwp%2Fv2%2Fcomments&post=34683"}],"version-history":[{"count":1,"href":"https:\/\/encuentroinformativo.com.mx\/index.php?rest_route=\/wp\/v2\/posts\/34683\/revisions"}],"predecessor-version":[{"id":34685,"href":"https:\/\/encuentroinformativo.com.mx\/index.php?rest_route=\/wp\/v2\/posts\/34683\/revisions\/34685"}],"wp:featuredmedia":[{"embeddable":true,"href":"https:\/\/encuentroinformativo.com.mx\/index.php?rest_route=\/wp\/v2\/media\/34684"}],"wp:attachment":[{"href":"https:\/\/encuentroinformativo.com.mx\/index.php?rest_route=%2Fwp%2Fv2%2Fmedia&parent=34683"}],"wp:term":[{"taxonomy":"category","embeddable":true,"href":"https:\/\/encuentroinformativo.com.mx\/index.php?rest_route=%2Fwp%2Fv2%2Fcategories&post=34683"},{"taxonomy":"post_tag","embeddable":true,"href":"https:\/\/encuentroinformativo.com.mx\/index.php?rest_route=%2Fwp%2Fv2%2Ftags&post=34683"}],"curies":[{"name":"wp","href":"https:\/\/api.w.org\/{rel}","templated":true}]}}