{"id":34692,"date":"2022-12-22T13:49:16","date_gmt":"2022-12-22T19:49:16","guid":{"rendered":"https:\/\/encuentroinformativo.com.mx\/?p=34692"},"modified":"2022-12-22T13:49:20","modified_gmt":"2022-12-22T19:49:20","slug":"refuerzan-campana-de-vacunacion-contra-influenza","status":"publish","type":"post","link":"https:\/\/encuentroinformativo.com.mx\/?p=34692","title":{"rendered":"Refuerzan campa\u00f1a de vacunaci\u00f3n contra influenza"},"content":{"rendered":"\n<p><strong>Dar\u00edo Pale<\/strong><\/p>\n\n\n\n<p>Xalapa, Ver.- La enfermera Catalina Cano de la Cl\u00ednica 10 del Instituto Mexicano del Seguro Social (IMSS), dio a conocer que con la finalidad de prevenir enfermedades respiratorias por la temporada invernal, se lleva a cabo una jornada de vacunaci\u00f3n contra la influenza en el Parque Ju\u00e1rez de Xalapa.<\/p>\n\n\n\n<p>En entrevista explic\u00f3 que se busca salvaguardar la vida de la gente, como cada a\u00f1o lo hacen, &#8220;nuestro objetivo es que todos est\u00e9n vacunados para prevenir la influenza, estamos bajos de defensa y nos ataca m\u00e1s&#8221;.<\/p>\n\n\n\n<p>Por ello, invit\u00f3 a toda la poblaci\u00f3n a que acudan a vacunarse para evitar enfermarse, ya que la campa\u00f1a de vacunaci\u00f3n empez\u00f3 en el mes de octubre y concluir\u00e1 hasta el mes de febrero. Tambi\u00e9n se encuentran afuera de la Cl\u00ednica 10 del Seguro Social.<\/p>\n\n\n\n<p>Coment\u00f3 que se puede aplicar a menores desde los seis meses de edad y hasta los adultos mayores de 60 y m\u00e1s.<\/p>\n\n\n\n<p>&#8220;Si les llegara a subir la temperatura arriba de 37.5 grados, tomar paracetamol. La vacuna es de tres cepas dos A, una B, hasta el momento no tenemos ning\u00fan paciente con alguna reacci\u00f3n&#8221;, coment\u00f3.<\/p>\n\n\n\n<p>Finalmente indic\u00f3 que se est\u00e1n aplicando de manera diaria entre 200 y 250 vacunas. Adem\u00e1s han acudido a escuelas y universidades.<\/p>\n\n\n\n<figure class=\"wp-block-image size-large\"><img loading=\"lazy\" decoding=\"async\" width=\"1024\" height=\"682\" src=\"https:\/\/encuentroinformativo.com.mx\/wp-content\/uploads\/2022\/12\/234E1B99-1EBE-43B8-B22A-A18E52FDFB3E-1024x682.jpeg\" alt=\"\" class=\"wp-image-34694\" srcset=\"https:\/\/encuentroinformativo.com.mx\/wp-content\/uploads\/2022\/12\/234E1B99-1EBE-43B8-B22A-A18E52FDFB3E-1024x682.jpeg 1024w, https:\/\/encuentroinformativo.com.mx\/wp-content\/uploads\/2022\/12\/234E1B99-1EBE-43B8-B22A-A18E52FDFB3E-300x200.jpeg 300w, https:\/\/encuentroinformativo.com.mx\/wp-content\/uploads\/2022\/12\/234E1B99-1EBE-43B8-B22A-A18E52FDFB3E-768x512.jpeg 768w, https:\/\/encuentroinformativo.com.mx\/wp-content\/uploads\/2022\/12\/234E1B99-1EBE-43B8-B22A-A18E52FDFB3E.jpeg 1280w\" sizes=\"auto, (max-width: 1024px) 100vw, 1024px\" \/><\/figure>\n","protected":false},"excerpt":{"rendered":"<p>Dar\u00edo Pale Xalapa, Ver.- La enfermera Catalina Cano de la Cl\u00ednica 10 del Instituto Mexicano del Seguro Social (IMSS), dio a conocer que con la finalidad de prevenir enfermedades respiratorias por la temporada invernal, se lleva a cabo una jornada de vacunaci\u00f3n contra la influenza en el Parque Ju\u00e1rez de Xalapa. En entrevista explic\u00f3 que [&hellip;]<\/p>\n","protected":false},"author":1,"featured_media":34693,"comment_status":"open","ping_status":"open","sticky":false,"template":"","format":"standard","meta":{"_jetpack_memberships_contains_paid_content":false,"footnotes":""},"categories":[9],"tags":[],"class_list":["post-34692","post","type-post","status-publish","format-standard","has-post-thumbnail","hentry","category-salud"],"jetpack_featured_media_url":"https:\/\/encuentroinformativo.com.mx\/wp-content\/uploads\/2022\/12\/D1F6A6B7-AAE5-47DC-9F33-D47A4EBA9F04.jpeg","jetpack_sharing_enabled":true,"jetpack_likes_enabled":true,"amp_enabled":true,"_links":{"self":[{"href":"https:\/\/encuentroinformativo.com.mx\/index.php?rest_route=\/wp\/v2\/posts\/34692","targetHints":{"allow":["GET"]}}],"collection":[{"href":"https:\/\/encuentroinformativo.com.mx\/index.php?rest_route=\/wp\/v2\/posts"}],"about":[{"href":"https:\/\/encuentroinformativo.com.mx\/index.php?rest_route=\/wp\/v2\/types\/post"}],"author":[{"embeddable":true,"href":"https:\/\/encuentroinformativo.com.mx\/index.php?rest_route=\/wp\/v2\/users\/1"}],"replies":[{"embeddable":true,"href":"https:\/\/encuentroinformativo.com.mx\/index.php?rest_route=%2Fwp%2Fv2%2Fcomments&post=34692"}],"version-history":[{"count":1,"href":"https:\/\/encuentroinformativo.com.mx\/index.php?rest_route=\/wp\/v2\/posts\/34692\/revisions"}],"predecessor-version":[{"id":34695,"href":"https:\/\/encuentroinformativo.com.mx\/index.php?rest_route=\/wp\/v2\/posts\/34692\/revisions\/34695"}],"wp:featuredmedia":[{"embeddable":true,"href":"https:\/\/encuentroinformativo.com.mx\/index.php?rest_route=\/wp\/v2\/media\/34693"}],"wp:attachment":[{"href":"https:\/\/encuentroinformativo.com.mx\/index.php?rest_route=%2Fwp%2Fv2%2Fmedia&parent=34692"}],"wp:term":[{"taxonomy":"category","embeddable":true,"href":"https:\/\/encuentroinformativo.com.mx\/index.php?rest_route=%2Fwp%2Fv2%2Fcategories&post=34692"},{"taxonomy":"post_tag","embeddable":true,"href":"https:\/\/encuentroinformativo.com.mx\/index.php?rest_route=%2Fwp%2Fv2%2Ftags&post=34692"}],"curies":[{"name":"wp","href":"https:\/\/api.w.org\/{rel}","templated":true}]}}