{"id":34696,"date":"2022-12-22T13:59:17","date_gmt":"2022-12-22T19:59:17","guid":{"rendered":"https:\/\/encuentroinformativo.com.mx\/?p=34696"},"modified":"2022-12-22T13:59:20","modified_gmt":"2022-12-22T19:59:20","slug":"detiene-fiscalia-a-contralor-interno-del-ivai","status":"publish","type":"post","link":"https:\/\/encuentroinformativo.com.mx\/?p=34696","title":{"rendered":"Detiene Fiscal\u00eda a Contralor Interno del IVAI"},"content":{"rendered":"\n<p><strong>Dar\u00edo Pale<\/strong><\/p>\n\n\n\n<p>Xalapa, Ver.- La Fiscal\u00eda General del Estado (FGE), a trav\u00e9s de la Fiscal\u00eda Especializada en Combate a la Corrupci\u00f3n, elementos de la Polic\u00eda Ministerial cumplimentaron orden de aprehensi\u00f3n en contra de Jos\u00e9 Morales Trejo contralor interno del IVAI, como presunto responsable del delito de incumplimiento del deber legal, en agravio del organismo aut\u00f3nomo.<\/p>\n\n\n\n<p>Todo ello, relacionado con no haber presentado denuncias en contra de presuntos aviadores y otras irregularidades presuntamente cometidas durante la gesti\u00f3n de Yolli Garc\u00eda \u00c1lvarez al frente del IVAI.<\/p>\n\n\n\n<p>Respetando sus derechos humanos y el debido proceso, ser\u00e1 presentado en audiencia inicial ante el Juez de Proceso y Procedimiento Penal Oral del Distrito Judicial de Xalapa, para que defina su situaci\u00f3n jur\u00eddica, dentro del proceso penal 492\/2022.<\/p>\n\n\n\n<p>Seg\u00fan algunas versiones trascendi\u00f3 que en los \u00faltimos meses hab\u00eda una disputa entre el contralor interno Jos\u00e9 Morales Trejo y la presidenta del IVAI Naldy Rodr\u00edguez Lagunes.<\/p>\n\n\n\n<p>Por \u00faltimo se sabe que el secretario ejecutivo del IVAI hab\u00eda presentado una denuncia en contra del contralor interno por tolerar y omitir en algunas irregularidades cometidas por la ex presidenta Yolli Garc\u00eda \u00c1lvarez.<\/p>\n","protected":false},"excerpt":{"rendered":"<p>Dar\u00edo Pale Xalapa, Ver.- La Fiscal\u00eda General del Estado (FGE), a trav\u00e9s de la Fiscal\u00eda Especializada en Combate a la Corrupci\u00f3n, elementos de la Polic\u00eda Ministerial cumplimentaron orden de aprehensi\u00f3n en contra de Jos\u00e9 Morales Trejo contralor interno del IVAI, como presunto responsable del delito de incumplimiento del deber legal, en agravio del organismo aut\u00f3nomo. [&hellip;]<\/p>\n","protected":false},"author":1,"featured_media":34697,"comment_status":"open","ping_status":"open","sticky":false,"template":"","format":"standard","meta":{"_jetpack_memberships_contains_paid_content":false,"footnotes":""},"categories":[2],"tags":[],"class_list":["post-34696","post","type-post","status-publish","format-standard","has-post-thumbnail","hentry","category-estado"],"jetpack_featured_media_url":"https:\/\/encuentroinformativo.com.mx\/wp-content\/uploads\/2022\/12\/3AFB7F42-F773-4585-8D06-17BF8A764AE6.jpeg","jetpack_sharing_enabled":true,"jetpack_likes_enabled":true,"amp_enabled":true,"_links":{"self":[{"href":"https:\/\/encuentroinformativo.com.mx\/index.php?rest_route=\/wp\/v2\/posts\/34696","targetHints":{"allow":["GET"]}}],"collection":[{"href":"https:\/\/encuentroinformativo.com.mx\/index.php?rest_route=\/wp\/v2\/posts"}],"about":[{"href":"https:\/\/encuentroinformativo.com.mx\/index.php?rest_route=\/wp\/v2\/types\/post"}],"author":[{"embeddable":true,"href":"https:\/\/encuentroinformativo.com.mx\/index.php?rest_route=\/wp\/v2\/users\/1"}],"replies":[{"embeddable":true,"href":"https:\/\/encuentroinformativo.com.mx\/index.php?rest_route=%2Fwp%2Fv2%2Fcomments&post=34696"}],"version-history":[{"count":1,"href":"https:\/\/encuentroinformativo.com.mx\/index.php?rest_route=\/wp\/v2\/posts\/34696\/revisions"}],"predecessor-version":[{"id":34698,"href":"https:\/\/encuentroinformativo.com.mx\/index.php?rest_route=\/wp\/v2\/posts\/34696\/revisions\/34698"}],"wp:featuredmedia":[{"embeddable":true,"href":"https:\/\/encuentroinformativo.com.mx\/index.php?rest_route=\/wp\/v2\/media\/34697"}],"wp:attachment":[{"href":"https:\/\/encuentroinformativo.com.mx\/index.php?rest_route=%2Fwp%2Fv2%2Fmedia&parent=34696"}],"wp:term":[{"taxonomy":"category","embeddable":true,"href":"https:\/\/encuentroinformativo.com.mx\/index.php?rest_route=%2Fwp%2Fv2%2Fcategories&post=34696"},{"taxonomy":"post_tag","embeddable":true,"href":"https:\/\/encuentroinformativo.com.mx\/index.php?rest_route=%2Fwp%2Fv2%2Ftags&post=34696"}],"curies":[{"name":"wp","href":"https:\/\/api.w.org\/{rel}","templated":true}]}}