{"id":34716,"date":"2022-12-23T11:04:09","date_gmt":"2022-12-23T17:04:09","guid":{"rendered":"https:\/\/encuentroinformativo.com.mx\/?p=34716"},"modified":"2022-12-23T11:04:14","modified_gmt":"2022-12-23T17:04:14","slug":"en-2022-se-realizaron-mas-de-100-jornadas-de-busquedas","status":"publish","type":"post","link":"https:\/\/encuentroinformativo.com.mx\/?p=34716","title":{"rendered":"En 2022, se realizaron m\u00e1s de 100 jornadas de b\u00fasquedas"},"content":{"rendered":"\n<p><strong>Juan Arcos<\/strong><\/p>\n\n\n\n<p>Xalapa, Ver.- En el estado de Veracruz se realizaron 128 jornadas de b\u00fasqueda para la localizaci\u00f3n de personas que est\u00e1n desaparecidas desde hace m\u00e1s de 10 a\u00f1os.<\/p>\n\n\n\n<p>De acuerdo con la encargada de despacho de la Comisi\u00f3n Estatal de B\u00fasqueda, Brenda Cer\u00f3n Chagoya, el cierre de este a\u00f1o es similar al 2021, en cuanto a las cifras que se han registrado de manera oficial.<\/p>\n\n\n\n<p>\u201cEs que antes no se contaban a las personas desaparecidas y a ra\u00edz de estos a\u00f1os de venir trabajando y que la gente conozca lo que se hace ahora en la Comisi\u00f3n Estatal de B\u00fasqueda y que adem\u00e1s se pueda informar a la ciudadan\u00eda que el Gobierno reconoce que existe esta problem\u00e1tica\u201d, expres\u00f3.<\/p>\n\n\n\n<p>Dichas acciones se efectuaron en campo mediante solicitudes a la Fiscal\u00eda General del Estado (FGE), sobre todo en zonas detectadas como posibles fosas clandestinas.<\/p>\n\n\n\n<p>Cer\u00f3n Chagoya explic\u00f3 que este 2022 se integraron 114 c\u00e9lulas de b\u00fasquedas municipales en Poza Rica, Papantla, Coatzintla, Xalapa, Orizaba, C\u00f3rdoba e Ixtaczoquitl\u00e1n.<\/p>\n\n\n\n<p>Adem\u00e1s, hubo 14 b\u00fasquedas en vida, las cuales contemplan verificaciones en c\u00e1rceles, hospitales y otros sitios, en coordinaci\u00f3n con los familiares de personas desaparecidas.<\/p>\n\n\n\n<p>\u201cSe acompa\u00f1\u00f3 a distintos colectivos del estado para ingresar a los penales y poder hacer la b\u00fasqueda y difusi\u00f3n dentro de los mismos penales para tener acceso a los registros y verificar si existe alguna persona que estemos buscando\u201d, indic\u00f3.<\/p>\n\n\n\n<p>Cabe recordar que integrantes de colectivos de b\u00fasqueda han externado que se requieren m\u00e1s acciones gubernamentales para localizar a sus seres queridos y que en estas fechas decembrinas no tienen nada qu\u00e9 festejar por la ausencia de sus familiares.<\/p>\n","protected":false},"excerpt":{"rendered":"<p>Juan Arcos Xalapa, Ver.- En el estado de Veracruz se realizaron 128 jornadas de b\u00fasqueda para la localizaci\u00f3n de personas que est\u00e1n desaparecidas desde hace m\u00e1s de 10 a\u00f1os. De acuerdo con la encargada de despacho de la Comisi\u00f3n Estatal de B\u00fasqueda, Brenda Cer\u00f3n Chagoya, el cierre de este a\u00f1o es similar al 2021, en [&hellip;]<\/p>\n","protected":false},"author":1,"featured_media":34717,"comment_status":"open","ping_status":"open","sticky":false,"template":"","format":"standard","meta":{"_jetpack_memberships_contains_paid_content":false,"footnotes":""},"categories":[2],"tags":[],"class_list":["post-34716","post","type-post","status-publish","format-standard","has-post-thumbnail","hentry","category-estado"],"jetpack_featured_media_url":"https:\/\/encuentroinformativo.com.mx\/wp-content\/uploads\/2022\/12\/2BE3284F-22D2-4172-8AE5-271A036028B2.jpeg","jetpack_sharing_enabled":true,"jetpack_likes_enabled":true,"amp_enabled":true,"_links":{"self":[{"href":"https:\/\/encuentroinformativo.com.mx\/index.php?rest_route=\/wp\/v2\/posts\/34716","targetHints":{"allow":["GET"]}}],"collection":[{"href":"https:\/\/encuentroinformativo.com.mx\/index.php?rest_route=\/wp\/v2\/posts"}],"about":[{"href":"https:\/\/encuentroinformativo.com.mx\/index.php?rest_route=\/wp\/v2\/types\/post"}],"author":[{"embeddable":true,"href":"https:\/\/encuentroinformativo.com.mx\/index.php?rest_route=\/wp\/v2\/users\/1"}],"replies":[{"embeddable":true,"href":"https:\/\/encuentroinformativo.com.mx\/index.php?rest_route=%2Fwp%2Fv2%2Fcomments&post=34716"}],"version-history":[{"count":1,"href":"https:\/\/encuentroinformativo.com.mx\/index.php?rest_route=\/wp\/v2\/posts\/34716\/revisions"}],"predecessor-version":[{"id":34718,"href":"https:\/\/encuentroinformativo.com.mx\/index.php?rest_route=\/wp\/v2\/posts\/34716\/revisions\/34718"}],"wp:featuredmedia":[{"embeddable":true,"href":"https:\/\/encuentroinformativo.com.mx\/index.php?rest_route=\/wp\/v2\/media\/34717"}],"wp:attachment":[{"href":"https:\/\/encuentroinformativo.com.mx\/index.php?rest_route=%2Fwp%2Fv2%2Fmedia&parent=34716"}],"wp:term":[{"taxonomy":"category","embeddable":true,"href":"https:\/\/encuentroinformativo.com.mx\/index.php?rest_route=%2Fwp%2Fv2%2Fcategories&post=34716"},{"taxonomy":"post_tag","embeddable":true,"href":"https:\/\/encuentroinformativo.com.mx\/index.php?rest_route=%2Fwp%2Fv2%2Ftags&post=34716"}],"curies":[{"name":"wp","href":"https:\/\/api.w.org\/{rel}","templated":true}]}}