{"id":34722,"date":"2022-12-23T13:03:34","date_gmt":"2022-12-23T19:03:34","guid":{"rendered":"https:\/\/encuentroinformativo.com.mx\/?p=34722"},"modified":"2022-12-23T13:03:36","modified_gmt":"2022-12-23T19:03:36","slug":"con-la-rama-jubilados-reclaman-justicia-por-desalojo","status":"publish","type":"post","link":"https:\/\/encuentroinformativo.com.mx\/?p=34722","title":{"rendered":"Con \u201cla rama\u201d jubilados reclaman justicia por desalojo"},"content":{"rendered":"\n<p><strong>Juan Arcos <\/strong><\/p>\n\n\n\n<p>Xalapa, Ver.- Decenas de jubilados cantaron \u201cLa Rama\u201d a modo de protesta frente al Palacio de Gobierno para exigir justicia a siete a\u00f1os del violento desalojo que sufrieron el 23 de diciembre de 2015, cuando se manifestaban para exigir el pago del aguinaldo y su pensi\u00f3n.<\/p>\n\n\n\n<p>Los integrantes de la Coalici\u00f3n de Pensionistas Independientes del Estado de Veracruz (Copipev) modificaron la letra de la canci\u00f3n para incluir consignas en espera de que la Fiscal\u00eda General del Estado (FGE) castigue a los responsables.<\/p>\n\n\n\n<p>\u201cNaranjas y limas, limas y limones, estos jubilados exigen pensiones. Hicieron disculpas pero les precisamos que se nos respete ese derecho humano. Naranjas y limas, limas y limones, la seguridad social necesaria es elemental en la existencia humana\u201d, corearon.<\/p>\n\n\n\n<p>De acuerdo con Rafael Mej\u00eda Grajeda, vocal del Copipev, la Comisi\u00f3n Nacional de Derechos Humanos (CNDH) emiti\u00f3 una recomendaci\u00f3n en 2019 por dicho desalojo violento; sin embargo, el gobierno del estado solo se disculp\u00f3 p\u00fablicamente, pero a\u00fan no hay castigo a los responsables de la agresi\u00f3n.<\/p>\n\n\n\n<p>Cabe recordar que el entonces secretario de Gobierno, Flavino R\u00edos Alvarado, dio la instrucci\u00f3n al extitular de la Secretar\u00eda de Seguridad P\u00fablica (SSP), Arturo Berm\u00fadez Zurita, para que los jubilados y pensionados que protestaban y cerraban la calle Juan de la Luz Enr\u00edquez fueran desalojados mediante el uso de la fuerza.<\/p>\n\n\n\n<p>\u201cFlavino R\u00edos Alvarado orden\u00f3 a un destacamento de polic\u00eda golpear a los jubilados que exig\u00edamos el pago de nuestro aguinaldo y de nuestra pensi\u00f3n. Hubo una recomendaci\u00f3n amplia, precisa, clara, para que se tomaran cartas en el asunto, para que los culpables asumieran las consecuencias, pero no ha habido ninguna respuesta\u201d, increp\u00f3.<\/p>\n\n\n\n<p>El entrevistado mencion\u00f3 que adem\u00e1s en 2016 se present\u00f3 una denuncia penal contra los integrantes del Consejo Directivo del Instituto de Pensiones del Estado (IPE) por el saqueo de m\u00e1s de 7 mil millones de pesos de la Reserva T\u00e9cnica.<\/p>\n\n\n\n<p>Sin embargo, destac\u00f3 que a\u00fan no se ha procedido contra los presuntos responsables de dicho desfalco financiero que ha entorpecido el funcionamiento del IPE.<\/p>\n\n\n\n<figure class=\"wp-block-image size-large\"><img loading=\"lazy\" decoding=\"async\" width=\"1024\" height=\"683\" src=\"https:\/\/encuentroinformativo.com.mx\/wp-content\/uploads\/2022\/12\/2515C74B-A506-4849-8670-F36852DA45FB-1024x683.jpeg\" alt=\"\" class=\"wp-image-34725\" srcset=\"https:\/\/encuentroinformativo.com.mx\/wp-content\/uploads\/2022\/12\/2515C74B-A506-4849-8670-F36852DA45FB-1024x683.jpeg 1024w, https:\/\/encuentroinformativo.com.mx\/wp-content\/uploads\/2022\/12\/2515C74B-A506-4849-8670-F36852DA45FB-300x200.jpeg 300w, https:\/\/encuentroinformativo.com.mx\/wp-content\/uploads\/2022\/12\/2515C74B-A506-4849-8670-F36852DA45FB-768x512.jpeg 768w, https:\/\/encuentroinformativo.com.mx\/wp-content\/uploads\/2022\/12\/2515C74B-A506-4849-8670-F36852DA45FB.jpeg 1280w\" sizes=\"auto, (max-width: 1024px) 100vw, 1024px\" \/><\/figure>\n","protected":false},"excerpt":{"rendered":"<p>Juan Arcos Xalapa, Ver.- Decenas de jubilados cantaron \u201cLa Rama\u201d a modo de protesta frente al Palacio de Gobierno para exigir justicia a siete a\u00f1os del violento desalojo que sufrieron el 23 de diciembre de 2015, cuando se manifestaban para exigir el pago del aguinaldo y su pensi\u00f3n. Los integrantes de la Coalici\u00f3n de Pensionistas [&hellip;]<\/p>\n","protected":false},"author":1,"featured_media":34724,"comment_status":"open","ping_status":"open","sticky":false,"template":"","format":"standard","meta":{"_jetpack_memberships_contains_paid_content":false,"footnotes":""},"categories":[3],"tags":[],"class_list":["post-34722","post","type-post","status-publish","format-standard","has-post-thumbnail","hentry","category-xalapa"],"jetpack_featured_media_url":"https:\/\/encuentroinformativo.com.mx\/wp-content\/uploads\/2022\/12\/19F4B6C2-1726-4D05-8C90-285396AD5D5F.jpeg","jetpack_sharing_enabled":true,"jetpack_likes_enabled":true,"amp_enabled":true,"_links":{"self":[{"href":"https:\/\/encuentroinformativo.com.mx\/index.php?rest_route=\/wp\/v2\/posts\/34722","targetHints":{"allow":["GET"]}}],"collection":[{"href":"https:\/\/encuentroinformativo.com.mx\/index.php?rest_route=\/wp\/v2\/posts"}],"about":[{"href":"https:\/\/encuentroinformativo.com.mx\/index.php?rest_route=\/wp\/v2\/types\/post"}],"author":[{"embeddable":true,"href":"https:\/\/encuentroinformativo.com.mx\/index.php?rest_route=\/wp\/v2\/users\/1"}],"replies":[{"embeddable":true,"href":"https:\/\/encuentroinformativo.com.mx\/index.php?rest_route=%2Fwp%2Fv2%2Fcomments&post=34722"}],"version-history":[{"count":1,"href":"https:\/\/encuentroinformativo.com.mx\/index.php?rest_route=\/wp\/v2\/posts\/34722\/revisions"}],"predecessor-version":[{"id":34726,"href":"https:\/\/encuentroinformativo.com.mx\/index.php?rest_route=\/wp\/v2\/posts\/34722\/revisions\/34726"}],"wp:featuredmedia":[{"embeddable":true,"href":"https:\/\/encuentroinformativo.com.mx\/index.php?rest_route=\/wp\/v2\/media\/34724"}],"wp:attachment":[{"href":"https:\/\/encuentroinformativo.com.mx\/index.php?rest_route=%2Fwp%2Fv2%2Fmedia&parent=34722"}],"wp:term":[{"taxonomy":"category","embeddable":true,"href":"https:\/\/encuentroinformativo.com.mx\/index.php?rest_route=%2Fwp%2Fv2%2Fcategories&post=34722"},{"taxonomy":"post_tag","embeddable":true,"href":"https:\/\/encuentroinformativo.com.mx\/index.php?rest_route=%2Fwp%2Fv2%2Ftags&post=34722"}],"curies":[{"name":"wp","href":"https:\/\/api.w.org\/{rel}","templated":true}]}}