{"id":34735,"date":"2022-12-23T14:40:57","date_gmt":"2022-12-23T20:40:57","guid":{"rendered":"https:\/\/encuentroinformativo.com.mx\/?p=34735"},"modified":"2022-12-23T14:41:00","modified_gmt":"2022-12-23T20:41:00","slug":"pide-gobernador-a-fgr-investigar-danos-causados-en-el-tajin","status":"publish","type":"post","link":"https:\/\/encuentroinformativo.com.mx\/?p=34735","title":{"rendered":"Pide gobernador a FGR investigar da\u00f1os causados en El Taj\u00edn"},"content":{"rendered":"\n<p><strong>Dar\u00edo Pale<\/strong><\/p>\n\n\n\n<p>Xalapa, Ver.- La Fiscal\u00eda General de la Rep\u00fablica (FGR), debe de investigar los da\u00f1os causados en el Edificio I de la Zona de Monumentos Arqueol\u00f3gicos de la pir\u00e1mide de El Taj\u00edn, en Papantla donde fueron destruidas pinturas totonacas, as\u00ed lo se\u00f1al\u00f3 el gobernador del estado Cuitl\u00e1huac Garc\u00eda Jim\u00e9nez.<\/p>\n\n\n\n<p>Por medio de las redes sociales reclam\u00f3 luego de que personas hasta ahora no identificadas prendieron fuego al pl\u00e1stico que proteg\u00eda el muro donde quedaron destruidos los murales totonacas, nadie, ni la Guardia Nacional que custodia el monumento arqueol\u00f3gico, haya puesto alguna denuncia, por lo que urgi\u00f3 a nombre de su gobierno, la intervenci\u00f3n federal.<\/p>\n\n\n\n<p>&#8220;Llama la atenci\u00f3n que a\u00fan no se haya interpuesto por el personal de custodia, ni de los directamente responsables de ese recinto, denuncia alguna ante la FGR. Le he solicitado al delegado de la FGR iniciarla por noticia criminal al menos, con toda la disposici\u00f3n a colaborar en lo que se nos requiera&#8221;, acus\u00f3.<\/p>\n\n\n\n<p>Por \u00faltimo tras lamentar el hecho, Garc\u00eda Jim\u00e9nez expres\u00f3 su coraje y calific\u00f3 de &#8220;aberrante&#8221; el atentado contra el patrimonio hist\u00f3rico del Taj\u00edn en el totonacapan de Veracruz, donde quedaron destruidas pinturas ancestrales que dijo, \u00a0dif\u00edcilmente se podr\u00e1n recuperar aunque se repongan los muros.<\/p>\n","protected":false},"excerpt":{"rendered":"<p>Dar\u00edo Pale Xalapa, Ver.- La Fiscal\u00eda General de la Rep\u00fablica (FGR), debe de investigar los da\u00f1os causados en el Edificio I de la Zona de Monumentos Arqueol\u00f3gicos de la pir\u00e1mide de El Taj\u00edn, en Papantla donde fueron destruidas pinturas totonacas, as\u00ed lo se\u00f1al\u00f3 el gobernador del estado Cuitl\u00e1huac Garc\u00eda Jim\u00e9nez. Por medio de las redes [&hellip;]<\/p>\n","protected":false},"author":1,"featured_media":34736,"comment_status":"open","ping_status":"open","sticky":false,"template":"","format":"standard","meta":{"_jetpack_memberships_contains_paid_content":false,"footnotes":""},"categories":[2],"tags":[],"class_list":["post-34735","post","type-post","status-publish","format-standard","has-post-thumbnail","hentry","category-estado"],"jetpack_featured_media_url":"https:\/\/encuentroinformativo.com.mx\/wp-content\/uploads\/2022\/12\/6DDA1B2A-9CF1-4169-89D8-554D086BAC91.jpeg","jetpack_sharing_enabled":true,"jetpack_likes_enabled":true,"amp_enabled":true,"_links":{"self":[{"href":"https:\/\/encuentroinformativo.com.mx\/index.php?rest_route=\/wp\/v2\/posts\/34735","targetHints":{"allow":["GET"]}}],"collection":[{"href":"https:\/\/encuentroinformativo.com.mx\/index.php?rest_route=\/wp\/v2\/posts"}],"about":[{"href":"https:\/\/encuentroinformativo.com.mx\/index.php?rest_route=\/wp\/v2\/types\/post"}],"author":[{"embeddable":true,"href":"https:\/\/encuentroinformativo.com.mx\/index.php?rest_route=\/wp\/v2\/users\/1"}],"replies":[{"embeddable":true,"href":"https:\/\/encuentroinformativo.com.mx\/index.php?rest_route=%2Fwp%2Fv2%2Fcomments&post=34735"}],"version-history":[{"count":1,"href":"https:\/\/encuentroinformativo.com.mx\/index.php?rest_route=\/wp\/v2\/posts\/34735\/revisions"}],"predecessor-version":[{"id":34737,"href":"https:\/\/encuentroinformativo.com.mx\/index.php?rest_route=\/wp\/v2\/posts\/34735\/revisions\/34737"}],"wp:featuredmedia":[{"embeddable":true,"href":"https:\/\/encuentroinformativo.com.mx\/index.php?rest_route=\/wp\/v2\/media\/34736"}],"wp:attachment":[{"href":"https:\/\/encuentroinformativo.com.mx\/index.php?rest_route=%2Fwp%2Fv2%2Fmedia&parent=34735"}],"wp:term":[{"taxonomy":"category","embeddable":true,"href":"https:\/\/encuentroinformativo.com.mx\/index.php?rest_route=%2Fwp%2Fv2%2Fcategories&post=34735"},{"taxonomy":"post_tag","embeddable":true,"href":"https:\/\/encuentroinformativo.com.mx\/index.php?rest_route=%2Fwp%2Fv2%2Ftags&post=34735"}],"curies":[{"name":"wp","href":"https:\/\/api.w.org\/{rel}","templated":true}]}}