{"id":3474,"date":"2020-06-19T10:39:56","date_gmt":"2020-06-19T15:39:56","guid":{"rendered":"https:\/\/encuentroinformativo.com\/?p=3474"},"modified":"2020-06-19T10:39:59","modified_gmt":"2020-06-19T15:39:59","slug":"se-pone-de-moda-paulette-caso-pedrito-olvidado","status":"publish","type":"post","link":"https:\/\/encuentroinformativo.com.mx\/?p=3474","title":{"rendered":"SE PONE DE MODA PAULETTE; CASO PEDRITO, OLVIDADO"},"content":{"rendered":"\n<ul class=\"wp-block-list\"><li>Son 126 Ayuntamientos que aprobaron la Reforma Electoral.<\/li><li>Se debilita el PRD en Veracruz.<\/li><li>Vinculan a proceso a presunto asesino de Acayucan.<\/li><\/ul>\n\n\n\n<p>No fue Pedrito, fue un pedito.<br>\n&#8211;El Chaneque Malcriado de Pol\u00edtica, en ese entonces.<\/p>\n\n\n\n<p>Hace unos d\u00edas fue lanzada, con \u00e9xito en Netflix, una serie llamada &#8220;Historia de un Crimen: La B\u00fasqueda&#8221;, cuya trama es sobre el caso de la ni\u00f1a Paulette, la chavita de 4 a\u00f1os que supuestamente desapareci\u00f3 el 22 de marzo de 2010, cuando no fue vista en su dormitorio; ella viv\u00eda en un condominio del exclusivo barrio Interlomas de Huixquilucan, Estado de M\u00e9xico.<\/p>\n\n\n\n<p>En ese entonces, el alcalde de ese lugar era Alfredo del Mazo (hoy gobernador) y el mandatario estatal era Enrique Pe\u00f1a Nieto.<\/p>\n\n\n\n<p>La desaparici\u00f3n de la ni\u00f1a se convirti\u00f3 en un asunto de los m\u00e1s medi\u00e1ticos que se recuerden en la historia de M\u00e9xico, sobre todo porque los padres de la ni\u00f1a participaban activamente en entrevistas que se hicieron incluso en la rec\u00e1mara de la menor.<\/p>\n\n\n\n<p>Luego de 9 d\u00edas, result\u00f3 lo impensable: la ni\u00f1a nunca desapareci\u00f3, nunca sali\u00f3 del domicilio; su cuerpo fue encontrado al pie de su cama, entre el colch\u00f3n y la estructura del mueble que lo sostiene, cubierto por la s\u00e1bana y colcha. Su muerte fue causada por asfixia por sofocaci\u00f3n, dio a conocer el entonces procurador Alberto Bazbaz.<\/p>\n\n\n\n<p>Pero el caso no acab\u00f3 ah\u00ed, tiempo despu\u00e9s de que apareciera el cuerpo de la ni\u00f1a (que nadie detect\u00f3, nadie descubri\u00f3, pese a la gran cantidad de gente que estuvo en esa habitaci\u00f3n para investigar o entrevistar) el mismo Bazbaz dijo que todo se trat\u00f3 de un accidente &#8211;o sea, no hab\u00eda a nadie qui\u00e9n culpar&#8211; y que hubo deficiencias para revisar la cama. Caso cerrado y ll\u00e9guenle.<\/p>\n\n\n\n<p>El caso se convirti\u00f3 en toda una &#8220;moco-novela&#8221; porque se ir\u00edan descubriendo que los padres de la ni\u00f1a ten\u00edan problemas como pareja; una amiga de la madre fue incluso detenida en Xalapa como parte de las investigaciones sobre el caso, Amanda de la Rosa, alias &#8220;La China&#8221;, en abril de 2010; despu\u00e9s hubo acusaciones mutuas de los padres para culparse de la desaparici\u00f3n de la nena, y as\u00ed\u2026 Todo un drama al que se sumaron los medios de comunicaci\u00f3n. Al final de cuentas, no se supo nada m\u00e1s, pues todo se trat\u00f3 de un &#8220;accidente&#8221;.<\/p>\n\n\n\n<p>Pero Veracruz tambi\u00e9n tuvo un caso misterioso de la desaparici\u00f3n de un menor del que no se supo nada m\u00e1s y fue quedando en el olvido, en medio de protestas de los padres de familia y las pifias de las autoridades.<\/p>\n\n\n\n<p>Hoy no hay certeza de qu\u00e9 le pas\u00f3 al ni\u00f1o Pedro Segura Vera, secuestrado en \u00c1lamo, al norte del estado; con el paso del tiempo (a diferencia del caso Paulette) su desaparici\u00f3n se fue olvidando, desvaneci\u00e9ndose de la agenda de medios, especialmente porque \u00c1lamo es una comunidad de esas que nadie o pocos conocen.<\/p>\n\n\n\n<p>Este mes se cumplieron 21 a\u00f1os de su desaparici\u00f3n.<\/p>\n\n\n\n<p>Los hechos ocurrieron as\u00ed, de acuerdo a las versiones period\u00edsticas de ese tiempo: el 12 de junio de 1999, Alberto Segura Vera se dirig\u00eda a la finca &#8220;El Encanto&#8221;, a unos 20 kil\u00f3metros de \u00c1lamo, donde pagar\u00eda la raya de los trabajadores. Se llev\u00f3 a su sobrino Pedro Segura Vera, de 4 a\u00f1os de edad, a quien le gustaba ir al rancho. Pero al llegar al lugar, justo en la entrada, aparecieron dos individuos armados que sometieron a Alberto y al ni\u00f1o, para luego subirlos a un veh\u00edculo y llevarlos a alg\u00fan punto en la sierra, entre los estados de Puebla y Veracruz.<\/p>\n\n\n\n<p>Lo dem\u00e1s trascendi\u00f3 entre meses de desesperaci\u00f3n por parte de los familiares que nunca m\u00e1s supieron de Pedrito. Lo incre\u00edble del caso (como el de Paulette en el grado de inconcebible e il\u00f3gico) es que al paso de los d\u00edas fueron cayendo los autores materiales del secuestro, entre ellos los jefes de la banda: Margarito \u00c1vila Barr\u00f3n, quien desde el Distrito Federal llam\u00f3 a la familia Vera para exigir los rescates tanto de Alberto como de Pedrito. \u00c9l ser\u00eda detenido junto con Aniceto Gaspar y Jos\u00e9 Carlos Ch\u00e1vez en el Estado de M\u00e9xico, el 4 de agosto de 1999.<\/p>\n\n\n\n<p>Tambi\u00e9n caer\u00edan (luego de fallidos operativos por parte de la Polic\u00eda Ministerial, que llegaron al rid\u00edculo de &#8220;rescatar&#8221; en Puebla a un ni\u00f1o que no era Pedrito) otros miembros de la banda como Mario Arg\u00fcelles N\u00fa\u00f1ez, en \u00c1lamo, &#8220;un carnicero con antecedentes de abigeato que result\u00f3 ser el autor intelectual&#8221;, seg\u00fan una versi\u00f3n del diario Reforma. El \u00faltimo fue capturado en el a\u00f1o 2000: Rafael Alvarado Reyes, quien fue localizado en Dallas, Texas y trasladado a Poza Rica, el 6 de marzo de ese a\u00f1o.<\/p>\n\n\n\n<p>Toda la banda pr\u00e1cticamente fue capturada, pero lo incre\u00edble es que nadie sab\u00eda del paradero del ni\u00f1o.<\/p>\n\n\n\n<p>En este entramado tambi\u00e9n sali\u00f3 a relucir el nombre del entonces delegado de Seguridad P\u00fablica en \u00c1lamo, Margarito Primitivo Huerta, a quien los propios padres de Pedrito se\u00f1alaron como part\u00edcipe en el secuestro, pero curiosamente nunca lo tocaron e hicieron nada, aunque se sabe que al poco tiempo saldr\u00eda de Seguridad P\u00fablica, donde sus compa\u00f1eros y jefes le aplicaron la ley del hielo.<\/p>\n\n\n\n<p>Y as\u00ed mientras en Netflix se recuerda el caso Paulette, a 21 a\u00f1os se recuerda la desaparici\u00f3n del ni\u00f1o Pedrito, que hoy ser\u00eda un joven de mediana edad. L\u00e1stima que no tuvo tanta fama y reflectores.<\/p>\n\n\n\n<p><strong>NOTA PARA PEGAR EN EL REFRI: <\/strong>Que la reforma electoral que fue avalada por el Congreso local, tambi\u00e9n fue aprobada por 126 ayuntamientos, esto de acuerdo con reciente reporte dado a conocer por Javier G\u00f3mez Cazar\u00edn, presidente de la Junta de Coordinaci\u00f3n Pol\u00edtica (Jucopo) de la Legislatura estatal. Cabe destacar que aparte de esas 126 actas, otras dos actas fueron aprobadas con observaciones, 63 ayuntamientos no respaldaron esa modificaci\u00f3n legislativa y 2 est\u00e1n reportadas como indefinidas. &#8220;No tenemos la necesidad de amenazar u obligar a los Cabildos para aprobar la Reforma Electoral. Los Ayuntamientos de Veracruz son libres y aut\u00f3nomos y las actas al d\u00eda de hoy son reales \u00a1La Reforma va! Le duela a quien le duela. #SinMentiras #ElDineroEsDelPueblo @MarkoCortes&#8221;, poste\u00f3 en redes sociales el presidente de la Jucopo.<\/p>\n\n\n\n<p><strong>OTRA NOTA: <\/strong>Ayer circul\u00f3 un video donde se aprecia a Lidia Irma Mezhua Campos, exalcaldesa perredista de Zongolica, dando un mensaje donde revela que se apart\u00f3 del PRD por no estar de acuerdo con decisiones de la c\u00fapula de ese partido: &#8220;Durante 20 a\u00f1os de mi vida trabaj\u00e9 arduamente en el PRD, en el cual tuve la dicha de ser la primera presidenta municipal. En el 2017, trabajamos y ganamos la presidencia municipal; sin embargo, se tomaron acciones y decisiones con las cuales no estuve de acuerdo, es por ello, que desde hace dos a\u00f1os decid\u00ed alejarme de toda actividad pol\u00edtica de dicho partido.\u201d Recientemente tambi\u00e9n renunci\u00f3 al sol azteca la diputada local Florencia Mart\u00ednez Rivera, lo que ya de entrada muestra que lo que queda del PRD de Veracruz, solamente son los aliados\/empleados de &#8220;Cascarita&#8221;.<\/p>\n\n\n\n<p><strong>LA \u00daLTIMA PORQUE TACOS NUEVOS EN COATEPEC:<\/strong> La Fiscal\u00eda General del Estado consigui\u00f3 la vinculaci\u00f3n a proceso en contra de Gabriel &#8220;N&#8221;, presunto responsable de los delitos de homicidio doloso calificado y pederastia agravada en contra de un menor de 10 a\u00f1os de identidad reservada. Tras conocerse el lamentable hecho ocurrido en el municipio de Acayucan, fiscales, peritos y polic\u00edas ministeriales se dieron a la tarea de investigar el hecho y se consigui\u00f3 la detenci\u00f3n de Gabriel &#8220;N&#8221;, a quien se le imputaron los citados delitos. Durante la audiencia de control, los fiscales presentaron datos de prueba suficientes, por lo cual el juez resolvi\u00f3 la prisi\u00f3n preventiva oficiosa por dos a\u00f1os, como medida cautelar, y seis meses para la investigaci\u00f3n complementaria.<br><\/p>\n\n\n\n<p><strong> @pablojair<\/strong><\/p>\n","protected":false},"excerpt":{"rendered":"<p>Son 126 Ayuntamientos que aprobaron la Reforma Electoral. Se debilita el PRD en Veracruz. Vinculan a proceso a presunto asesino de Acayucan. No fue Pedrito, fue un pedito. &#8211;El Chaneque Malcriado de Pol\u00edtica, en ese entonces. Hace unos d\u00edas fue lanzada, con \u00e9xito en Netflix, una serie llamada &#8220;Historia de un Crimen: La B\u00fasqueda&#8221;, cuya [&hellip;]<\/p>\n","protected":false},"author":1,"featured_media":488,"comment_status":"open","ping_status":"open","sticky":false,"template":"","format":"standard","meta":{"_jetpack_memberships_contains_paid_content":false,"footnotes":""},"categories":[11],"tags":[],"class_list":["post-3474","post","type-post","status-publish","format-standard","has-post-thumbnail","hentry","category-opinion"],"jetpack_featured_media_url":"https:\/\/encuentroinformativo.com.mx\/wp-content\/uploads\/2020\/03\/F471F608-BA1A-416B-BA7B-BCFB24F4E6D0.jpeg","jetpack_sharing_enabled":true,"jetpack_likes_enabled":true,"amp_enabled":true,"_links":{"self":[{"href":"https:\/\/encuentroinformativo.com.mx\/index.php?rest_route=\/wp\/v2\/posts\/3474","targetHints":{"allow":["GET"]}}],"collection":[{"href":"https:\/\/encuentroinformativo.com.mx\/index.php?rest_route=\/wp\/v2\/posts"}],"about":[{"href":"https:\/\/encuentroinformativo.com.mx\/index.php?rest_route=\/wp\/v2\/types\/post"}],"author":[{"embeddable":true,"href":"https:\/\/encuentroinformativo.com.mx\/index.php?rest_route=\/wp\/v2\/users\/1"}],"replies":[{"embeddable":true,"href":"https:\/\/encuentroinformativo.com.mx\/index.php?rest_route=%2Fwp%2Fv2%2Fcomments&post=3474"}],"version-history":[{"count":1,"href":"https:\/\/encuentroinformativo.com.mx\/index.php?rest_route=\/wp\/v2\/posts\/3474\/revisions"}],"predecessor-version":[{"id":3475,"href":"https:\/\/encuentroinformativo.com.mx\/index.php?rest_route=\/wp\/v2\/posts\/3474\/revisions\/3475"}],"wp:featuredmedia":[{"embeddable":true,"href":"https:\/\/encuentroinformativo.com.mx\/index.php?rest_route=\/wp\/v2\/media\/488"}],"wp:attachment":[{"href":"https:\/\/encuentroinformativo.com.mx\/index.php?rest_route=%2Fwp%2Fv2%2Fmedia&parent=3474"}],"wp:term":[{"taxonomy":"category","embeddable":true,"href":"https:\/\/encuentroinformativo.com.mx\/index.php?rest_route=%2Fwp%2Fv2%2Fcategories&post=3474"},{"taxonomy":"post_tag","embeddable":true,"href":"https:\/\/encuentroinformativo.com.mx\/index.php?rest_route=%2Fwp%2Fv2%2Ftags&post=3474"}],"curies":[{"name":"wp","href":"https:\/\/api.w.org\/{rel}","templated":true}]}}