{"id":34741,"date":"2022-12-23T16:21:01","date_gmt":"2022-12-23T22:21:01","guid":{"rendered":"https:\/\/encuentroinformativo.com.mx\/?p=34741"},"modified":"2022-12-23T16:21:04","modified_gmt":"2022-12-23T22:21:04","slug":"ex-contralor-del-ivai-seguira-su-proceso-en-libertad","status":"publish","type":"post","link":"https:\/\/encuentroinformativo.com.mx\/?p=34741","title":{"rendered":"Ex Contralor del IVAI seguir\u00e1 su proceso en libertad"},"content":{"rendered":"\n<p><strong>Alejandro \u00c1vila<\/strong><\/p>\n\n\n\n<p>Veracruz, Ver.- El ahora ex Contralor del Instituto Veracruzano de Acceso a la Informaci\u00f3n (IVAI), Alfonso Vel\u00e1zquez Trejo, qui\u00e9n fue detenido este jueves 22 de diciembre llevar\u00e1 su proceso en libertad.<\/p>\n\n\n\n<p>Al ex funcionario estatal se le acusa del presunto delito de incumplimiento de un deber legal, al no presentar denuncias en contra de presuntos aviadores en el IVAI.<\/p>\n\n\n\n<p>El resultado de la audiencia inicial en cumplimiento de orden de aprehensi\u00f3n, dentro del Proceso Penal 492\/2022, fue el siguiente.<\/p>\n\n\n\n<p>Fij\u00e1ndose las medidas cautelares consistentes en: Art\u00edculo 155 del C\u00f3digo Nacional de Procedimientos Penales en sus fracciones.<\/p>\n\n\n\n<p>I.- Presentaci\u00f3n Peri\u00f3dica cada 15 d\u00edas, ante el Juzgado de Control.<\/p>\n\n\n\n<p>V.- Prohibici\u00f3n de salir del estado de Veracruz.<\/p>\n\n\n\n<p>VII &#8211; Prohibici\u00f3n de acercarse e ingresar al edificio del IVAI y del OIC. Indicando que deber\u00eda entregar las llaves de acceso al edificio del OIC en el plazo de 36 horas.<\/p>\n\n\n\n<p>VIII.- Prohibici\u00f3n de acercarse o comunicarse con personal del IVAI y del OIC, solamente que sea con motivo de su derecho de defensa&nbsp;<\/p>\n\n\n\n<p>X.- Separaci\u00f3n temporal del cargo.<\/p>\n\n\n\n<p>Medidas Cautelares que tendr\u00e1n una vigencia de 1 a\u00f1o aparte del d\u00eda de hoy.<\/p>\n","protected":false},"excerpt":{"rendered":"<p>Alejandro \u00c1vila Veracruz, Ver.- El ahora ex Contralor del Instituto Veracruzano de Acceso a la Informaci\u00f3n (IVAI), Alfonso Vel\u00e1zquez Trejo, qui\u00e9n fue detenido este jueves 22 de diciembre llevar\u00e1 su proceso en libertad. Al ex funcionario estatal se le acusa del presunto delito de incumplimiento de un deber legal, al no presentar denuncias en contra [&hellip;]<\/p>\n","protected":false},"author":1,"featured_media":34742,"comment_status":"open","ping_status":"open","sticky":false,"template":"","format":"standard","meta":{"_jetpack_memberships_contains_paid_content":false,"footnotes":""},"categories":[2],"tags":[],"class_list":["post-34741","post","type-post","status-publish","format-standard","has-post-thumbnail","hentry","category-estado"],"jetpack_featured_media_url":"https:\/\/encuentroinformativo.com.mx\/wp-content\/uploads\/2022\/12\/86DFB3FF-E4CA-4612-B549-B167796CE4FB.jpeg","jetpack_sharing_enabled":true,"jetpack_likes_enabled":true,"amp_enabled":true,"_links":{"self":[{"href":"https:\/\/encuentroinformativo.com.mx\/index.php?rest_route=\/wp\/v2\/posts\/34741","targetHints":{"allow":["GET"]}}],"collection":[{"href":"https:\/\/encuentroinformativo.com.mx\/index.php?rest_route=\/wp\/v2\/posts"}],"about":[{"href":"https:\/\/encuentroinformativo.com.mx\/index.php?rest_route=\/wp\/v2\/types\/post"}],"author":[{"embeddable":true,"href":"https:\/\/encuentroinformativo.com.mx\/index.php?rest_route=\/wp\/v2\/users\/1"}],"replies":[{"embeddable":true,"href":"https:\/\/encuentroinformativo.com.mx\/index.php?rest_route=%2Fwp%2Fv2%2Fcomments&post=34741"}],"version-history":[{"count":1,"href":"https:\/\/encuentroinformativo.com.mx\/index.php?rest_route=\/wp\/v2\/posts\/34741\/revisions"}],"predecessor-version":[{"id":34743,"href":"https:\/\/encuentroinformativo.com.mx\/index.php?rest_route=\/wp\/v2\/posts\/34741\/revisions\/34743"}],"wp:featuredmedia":[{"embeddable":true,"href":"https:\/\/encuentroinformativo.com.mx\/index.php?rest_route=\/wp\/v2\/media\/34742"}],"wp:attachment":[{"href":"https:\/\/encuentroinformativo.com.mx\/index.php?rest_route=%2Fwp%2Fv2%2Fmedia&parent=34741"}],"wp:term":[{"taxonomy":"category","embeddable":true,"href":"https:\/\/encuentroinformativo.com.mx\/index.php?rest_route=%2Fwp%2Fv2%2Fcategories&post=34741"},{"taxonomy":"post_tag","embeddable":true,"href":"https:\/\/encuentroinformativo.com.mx\/index.php?rest_route=%2Fwp%2Fv2%2Ftags&post=34741"}],"curies":[{"name":"wp","href":"https:\/\/api.w.org\/{rel}","templated":true}]}}