{"id":34747,"date":"2022-12-24T14:00:54","date_gmt":"2022-12-24T20:00:54","guid":{"rendered":"https:\/\/encuentroinformativo.com.mx\/?p=34747"},"modified":"2022-12-24T14:00:57","modified_gmt":"2022-12-24T20:00:57","slug":"se-mantendra-la-verificacion-vehicular","status":"publish","type":"post","link":"https:\/\/encuentroinformativo.com.mx\/?p=34747","title":{"rendered":"Se mantendr\u00e1 la verificaci\u00f3n vehicular"},"content":{"rendered":"\n<p><strong>Dar\u00edo Pale <\/strong><\/p>\n\n\n\n<p>Xalapa, Ver.- En el estado de Veracruz no se tiene pensado eliminar la verificaci\u00f3n vehicular, as\u00ed lo defini\u00f3 el secretario de Finanzas y Planeaci\u00f3n, Jos\u00e9 Luis Lima Franco.<\/p>\n\n\n\n<p>En entrevista se\u00f1al\u00f3 que, &#8220;no tenemos conocimiento de eso, a menos que sea un tema federal, pero de entrada no tenemos conocimiento de que se vaya a eliminar&#8221;.<\/p>\n\n\n\n<p>Expuso que en el caso de que a nivel federal se estuviera proponiendo la eliminaci\u00f3n de dicha obligaci\u00f3n, en Veracruz habr\u00eda que analizar qu\u00e9 se har\u00eda, ya que sostuvo, se trata de un tema de medio ambiente, por ello, dijo que habr\u00eda que ver las leyes en ese sentido, porque se trata de la calidad del aire.<\/p>\n\n\n\n<p>&#8220;Habr\u00eda que revisarlo, pero de entrada no tenemos contemplado&#8221;, se\u00f1al\u00f3.<\/p>\n\n\n\n<p>Lima Franco expuso que el ingreso por las verificaciones no es para el Estado, porque el 90 por ciento de lo que se recauda es para los verificentros, por lo tanto no es ingreso para las arcas estatales, \u00fanicamente el objetivo es mejorar la calidad del aire.<\/p>\n\n\n\n<p>El secretario asegur\u00f3 que debido que pr\u00e1cticamente as\u00ed c\u00f3mo entra, se va, no cuenta para incrementar las participaciones.<\/p>\n\n\n\n<p>Cabe recordar que en noviembre pasado lo que se cancel\u00f3 fue la Norma 236 que exig\u00eda verificaci\u00f3n f\u00edsico-mec\u00e1nica a autos ligeros.<\/p>\n\n\n\n<p>La Secretar\u00eda de Econom\u00eda inform\u00f3 que la Norma 236 pod\u00eda afectar el ingreso de las familias que utilizan el auto como herramientas de trabajo.<\/p>\n\n\n\n<p>Finalmente a trav\u00e9s de un comunicado la Secretar\u00eda de Econom\u00eda inform\u00f3 que el 4 de noviembre pasado cancel\u00f3 la Norma 236 que regulaba la inspecci\u00f3n f\u00edsico-mec\u00e1nica de veh\u00edculos ligeros a partir del 1 de diciembre pr\u00f3ximo.<\/p>\n","protected":false},"excerpt":{"rendered":"<p>Dar\u00edo Pale Xalapa, Ver.- En el estado de Veracruz no se tiene pensado eliminar la verificaci\u00f3n vehicular, as\u00ed lo defini\u00f3 el secretario de Finanzas y Planeaci\u00f3n, Jos\u00e9 Luis Lima Franco. En entrevista se\u00f1al\u00f3 que, &#8220;no tenemos conocimiento de eso, a menos que sea un tema federal, pero de entrada no tenemos conocimiento de que se [&hellip;]<\/p>\n","protected":false},"author":1,"featured_media":34748,"comment_status":"open","ping_status":"open","sticky":false,"template":"","format":"standard","meta":{"_jetpack_memberships_contains_paid_content":false,"footnotes":""},"categories":[2],"tags":[],"class_list":["post-34747","post","type-post","status-publish","format-standard","has-post-thumbnail","hentry","category-estado"],"jetpack_featured_media_url":"https:\/\/encuentroinformativo.com.mx\/wp-content\/uploads\/2022\/12\/9A060025-E190-462D-911D-EC17FD9827D2.jpeg","jetpack_sharing_enabled":true,"jetpack_likes_enabled":true,"amp_enabled":true,"_links":{"self":[{"href":"https:\/\/encuentroinformativo.com.mx\/index.php?rest_route=\/wp\/v2\/posts\/34747","targetHints":{"allow":["GET"]}}],"collection":[{"href":"https:\/\/encuentroinformativo.com.mx\/index.php?rest_route=\/wp\/v2\/posts"}],"about":[{"href":"https:\/\/encuentroinformativo.com.mx\/index.php?rest_route=\/wp\/v2\/types\/post"}],"author":[{"embeddable":true,"href":"https:\/\/encuentroinformativo.com.mx\/index.php?rest_route=\/wp\/v2\/users\/1"}],"replies":[{"embeddable":true,"href":"https:\/\/encuentroinformativo.com.mx\/index.php?rest_route=%2Fwp%2Fv2%2Fcomments&post=34747"}],"version-history":[{"count":1,"href":"https:\/\/encuentroinformativo.com.mx\/index.php?rest_route=\/wp\/v2\/posts\/34747\/revisions"}],"predecessor-version":[{"id":34749,"href":"https:\/\/encuentroinformativo.com.mx\/index.php?rest_route=\/wp\/v2\/posts\/34747\/revisions\/34749"}],"wp:featuredmedia":[{"embeddable":true,"href":"https:\/\/encuentroinformativo.com.mx\/index.php?rest_route=\/wp\/v2\/media\/34748"}],"wp:attachment":[{"href":"https:\/\/encuentroinformativo.com.mx\/index.php?rest_route=%2Fwp%2Fv2%2Fmedia&parent=34747"}],"wp:term":[{"taxonomy":"category","embeddable":true,"href":"https:\/\/encuentroinformativo.com.mx\/index.php?rest_route=%2Fwp%2Fv2%2Fcategories&post=34747"},{"taxonomy":"post_tag","embeddable":true,"href":"https:\/\/encuentroinformativo.com.mx\/index.php?rest_route=%2Fwp%2Fv2%2Ftags&post=34747"}],"curies":[{"name":"wp","href":"https:\/\/api.w.org\/{rel}","templated":true}]}}