{"id":34750,"date":"2022-12-24T14:10:15","date_gmt":"2022-12-24T20:10:15","guid":{"rendered":"https:\/\/encuentroinformativo.com.mx\/?p=34750"},"modified":"2022-12-24T14:10:19","modified_gmt":"2022-12-24T20:10:19","slug":"reforzaran-campana-de-vacunacion-anti-covid","status":"publish","type":"post","link":"https:\/\/encuentroinformativo.com.mx\/?p=34750","title":{"rendered":"Reforzar\u00e1n campa\u00f1a de vacunaci\u00f3n anti COVID"},"content":{"rendered":"\n<p><strong>Dar\u00edo Pale<\/strong><\/p>\n\n\n\n<p>Xalapa, Ver.- La Vacuna <em>Abdala<\/em> es compatible con otras vacunas que se han aplicado contra el COVID-19 y se aplicar\u00e1 del 26 al 28 de diciembre, as\u00ed lo asegur\u00f3 el delegado de los programas federales, Manuel Huerta Ladr\u00f3n de Guevara.<\/p>\n\n\n\n<p>En entrevista reiter\u00f3 que lo \u00fanico que se solicitar\u00e1 es que aquellos que se vayan a aplicar la vacuna tengan por lo menos 4 meses desde la \u00faltima aplicaci\u00f3n del esquema primario completo.<\/p>\n\n\n\n<p>Agreg\u00f3 que el esquema primario completo se aplicar\u00e1 a los mayores de 18 a\u00f1os sin antecedentes de esquema de vacunaci\u00f3n, adem\u00e1s de que la vacunaci\u00f3n del 26 al 28 de diciembre se podr\u00e1 hacer en 86 municipios en donde hay Centros de Salud, de las 8 a las 2 de la tarde.<\/p>\n\n\n\n<p>Dio a conocer que tambi\u00e9n estar\u00e1n por ejemplo en Veracruz puerto, en el Centro de Salud Vargas, en el del Club de Leones, Los Pinos, La Reserva Tarimoya, Las Bajadas, Granjas de R\u00edo medio.<\/p>\n\n\n\n<p>Mientras que en Boca del R\u00edo estar\u00e1n en el Centro de Salud del mismo nombre, Ejido 1 de Mayo, Venustiano Carranza, Luis Echeverr\u00eda, entre otros.<\/p>\n\n\n\n<p>Finalmente solicit\u00f3 a los veracruzanos estar pendientes de las redes sociales para qu\u00e9 conozcan toda esa informaci\u00f3n, y adelant\u00f3 que una vez que inicie el a\u00f1o estar\u00e1n de regreso los 212 municipios porque hay que prevenir con la vacuna los efectos del invierno.<\/p>\n","protected":false},"excerpt":{"rendered":"<p>Dar\u00edo Pale Xalapa, Ver.- La Vacuna Abdala es compatible con otras vacunas que se han aplicado contra el COVID-19 y se aplicar\u00e1 del 26 al 28 de diciembre, as\u00ed lo asegur\u00f3 el delegado de los programas federales, Manuel Huerta Ladr\u00f3n de Guevara. En entrevista reiter\u00f3 que lo \u00fanico que se solicitar\u00e1 es que aquellos que [&hellip;]<\/p>\n","protected":false},"author":1,"featured_media":34694,"comment_status":"open","ping_status":"open","sticky":false,"template":"","format":"standard","meta":{"_jetpack_memberships_contains_paid_content":false,"footnotes":""},"categories":[9],"tags":[],"class_list":["post-34750","post","type-post","status-publish","format-standard","has-post-thumbnail","hentry","category-salud"],"jetpack_featured_media_url":"https:\/\/encuentroinformativo.com.mx\/wp-content\/uploads\/2022\/12\/234E1B99-1EBE-43B8-B22A-A18E52FDFB3E.jpeg","jetpack_sharing_enabled":true,"jetpack_likes_enabled":true,"amp_enabled":true,"_links":{"self":[{"href":"https:\/\/encuentroinformativo.com.mx\/index.php?rest_route=\/wp\/v2\/posts\/34750","targetHints":{"allow":["GET"]}}],"collection":[{"href":"https:\/\/encuentroinformativo.com.mx\/index.php?rest_route=\/wp\/v2\/posts"}],"about":[{"href":"https:\/\/encuentroinformativo.com.mx\/index.php?rest_route=\/wp\/v2\/types\/post"}],"author":[{"embeddable":true,"href":"https:\/\/encuentroinformativo.com.mx\/index.php?rest_route=\/wp\/v2\/users\/1"}],"replies":[{"embeddable":true,"href":"https:\/\/encuentroinformativo.com.mx\/index.php?rest_route=%2Fwp%2Fv2%2Fcomments&post=34750"}],"version-history":[{"count":1,"href":"https:\/\/encuentroinformativo.com.mx\/index.php?rest_route=\/wp\/v2\/posts\/34750\/revisions"}],"predecessor-version":[{"id":34751,"href":"https:\/\/encuentroinformativo.com.mx\/index.php?rest_route=\/wp\/v2\/posts\/34750\/revisions\/34751"}],"wp:featuredmedia":[{"embeddable":true,"href":"https:\/\/encuentroinformativo.com.mx\/index.php?rest_route=\/wp\/v2\/media\/34694"}],"wp:attachment":[{"href":"https:\/\/encuentroinformativo.com.mx\/index.php?rest_route=%2Fwp%2Fv2%2Fmedia&parent=34750"}],"wp:term":[{"taxonomy":"category","embeddable":true,"href":"https:\/\/encuentroinformativo.com.mx\/index.php?rest_route=%2Fwp%2Fv2%2Fcategories&post=34750"},{"taxonomy":"post_tag","embeddable":true,"href":"https:\/\/encuentroinformativo.com.mx\/index.php?rest_route=%2Fwp%2Fv2%2Ftags&post=34750"}],"curies":[{"name":"wp","href":"https:\/\/api.w.org\/{rel}","templated":true}]}}