{"id":34755,"date":"2022-12-24T16:18:59","date_gmt":"2022-12-24T22:18:59","guid":{"rendered":"https:\/\/encuentroinformativo.com.mx\/?p=34755"},"modified":"2022-12-24T16:19:03","modified_gmt":"2022-12-24T22:19:03","slug":"buscan-a-jose-said-reclaman-apoyo-de-las-autoridades","status":"publish","type":"post","link":"https:\/\/encuentroinformativo.com.mx\/?p=34755","title":{"rendered":"Buscan a Jos\u00e9 Said, reclaman apoyo de las autoridades"},"content":{"rendered":"\n<p><strong>Dar\u00edo Pale <\/strong><\/p>\n\n\n\n<p>Xalapa, Ver.- La se\u00f1ora Virginia Mart\u00ednez Fuentes abuela y madre de crianza de Jos\u00e9 Said Rizo Mart\u00ednez acus\u00f3 que dos elementos de la Fuerza Civil (FC), se llevaron a su hijo el pasado lunes 19 de diciembre y desde entonces no saben nada de \u00e9l y la Fiscal\u00eda General del Estado (FGE), no les da informes de nada, por lo cual se manifestaron cerrando la calle de Enr\u00edquez frente a palacio de Gobierno.<\/p>\n\n\n\n<p>Entrevistada durante la manifestaci\u00f3n se\u00f1al\u00f3 que su hijo se dedica a repartir mandados y el pasado lunes fue detenido por dos motociclistas de la FC y desde entonces desconocen su paradero ya interpusieron las denuncias correspondientes sin que hasta el momento tengan alguna respuesta.<\/p>\n\n\n\n<p>\u00c9l fue detenido en la terminal de los Ru\u00edz Cortinez rumbo al Campo de Tiro aproximadamente a las cuatro de la tarde, \u00e9l estaba haciendo un viaje a Perote a dejar un entreg\u00f3 de 13 mil 180 pesos, algunas personas les comentario que lo subieron por el Puente de la Haciendita y de ah\u00ed ya no saben de su paradero.<\/p>\n\n\n\n<p>Dio a conocer que ya aportaron todas las pruebas en la fiscal\u00eda pero no le dan respuesta por lo que vienen a solicitar el apoyo del gobierno del estado para que encuentren a su hijo han estado preguntando a las polic\u00edas y nadie sabe del caso.<\/p>\n\n\n\n<p>&#8220;Que el gobernador vea por donde est\u00e1 mi hijo, que lo encuentren que lo busquen que se pongan a trabajar&#8221;, se\u00f1al\u00f3.<\/p>\n\n\n\n<p>Por su parte uno de sus t\u00edos coment\u00f3 que, &#8220;nunca nos dicen nada, para m\u00e1s estamos buscando nosotros en las orillas de Xalapa, como civiles sin ning\u00fan apoyo de alguna autoridad para que nos puedan dar alguna raz\u00f3n o nos ayuden a buscar, nosotros lo estamos haciendo m\u00e1s que ellos, ellos no saben nada&#8221;.<\/p>\n\n\n\n<p>La se\u00f1ora Virginia coment\u00f3 que han buscado por el r\u00edo, la Haciendita y no han visto a los polic\u00edas que est\u00e9n buscando a su hijo, ya solicitaron informaci\u00f3n al C4 y no les quieren proporcionar nada que solo con un oficio y que tardan varios d\u00edas para que se los entreguen.<\/p>\n\n\n\n<p>Finalmente se\u00f1alaron que van a tener una amarga cena ya que su hijo no est\u00e1 con ellos, adem\u00e1s de que en la FGE hoy les comentaron hasta el lunes los pueden atender ya que est\u00e1n de vacaciones ya lo buscaron en la c\u00e1rcel y hospitales de los municipios, incluso en el SEMEFO y no saben nada.<\/p>\n","protected":false},"excerpt":{"rendered":"<p>Dar\u00edo Pale Xalapa, Ver.- La se\u00f1ora Virginia Mart\u00ednez Fuentes abuela y madre de crianza de Jos\u00e9 Said Rizo Mart\u00ednez acus\u00f3 que dos elementos de la Fuerza Civil (FC), se llevaron a su hijo el pasado lunes 19 de diciembre y desde entonces no saben nada de \u00e9l y la Fiscal\u00eda General del Estado (FGE), no [&hellip;]<\/p>\n","protected":false},"author":1,"featured_media":34756,"comment_status":"open","ping_status":"open","sticky":false,"template":"","format":"standard","meta":{"_jetpack_memberships_contains_paid_content":false,"footnotes":""},"categories":[2],"tags":[],"class_list":["post-34755","post","type-post","status-publish","format-standard","has-post-thumbnail","hentry","category-estado"],"jetpack_featured_media_url":"https:\/\/encuentroinformativo.com.mx\/wp-content\/uploads\/2022\/12\/BDBDC425-F2F3-40A7-941E-DCD91AB42564.jpeg","jetpack_sharing_enabled":true,"jetpack_likes_enabled":true,"amp_enabled":true,"_links":{"self":[{"href":"https:\/\/encuentroinformativo.com.mx\/index.php?rest_route=\/wp\/v2\/posts\/34755","targetHints":{"allow":["GET"]}}],"collection":[{"href":"https:\/\/encuentroinformativo.com.mx\/index.php?rest_route=\/wp\/v2\/posts"}],"about":[{"href":"https:\/\/encuentroinformativo.com.mx\/index.php?rest_route=\/wp\/v2\/types\/post"}],"author":[{"embeddable":true,"href":"https:\/\/encuentroinformativo.com.mx\/index.php?rest_route=\/wp\/v2\/users\/1"}],"replies":[{"embeddable":true,"href":"https:\/\/encuentroinformativo.com.mx\/index.php?rest_route=%2Fwp%2Fv2%2Fcomments&post=34755"}],"version-history":[{"count":1,"href":"https:\/\/encuentroinformativo.com.mx\/index.php?rest_route=\/wp\/v2\/posts\/34755\/revisions"}],"predecessor-version":[{"id":34757,"href":"https:\/\/encuentroinformativo.com.mx\/index.php?rest_route=\/wp\/v2\/posts\/34755\/revisions\/34757"}],"wp:featuredmedia":[{"embeddable":true,"href":"https:\/\/encuentroinformativo.com.mx\/index.php?rest_route=\/wp\/v2\/media\/34756"}],"wp:attachment":[{"href":"https:\/\/encuentroinformativo.com.mx\/index.php?rest_route=%2Fwp%2Fv2%2Fmedia&parent=34755"}],"wp:term":[{"taxonomy":"category","embeddable":true,"href":"https:\/\/encuentroinformativo.com.mx\/index.php?rest_route=%2Fwp%2Fv2%2Fcategories&post=34755"},{"taxonomy":"post_tag","embeddable":true,"href":"https:\/\/encuentroinformativo.com.mx\/index.php?rest_route=%2Fwp%2Fv2%2Ftags&post=34755"}],"curies":[{"name":"wp","href":"https:\/\/api.w.org\/{rel}","templated":true}]}}