{"id":3476,"date":"2020-06-19T10:53:10","date_gmt":"2020-06-19T15:53:10","guid":{"rendered":"https:\/\/encuentroinformativo.com\/?p=3476"},"modified":"2020-06-19T10:53:13","modified_gmt":"2020-06-19T15:53:13","slug":"diputadas-con-olor-a-candidatas","status":"publish","type":"post","link":"https:\/\/encuentroinformativo.com.mx\/?p=3476","title":{"rendered":"Diputadas con olor a candidatas"},"content":{"rendered":"\n<p><strong>Los Pol\u00edticos<\/strong><\/p>\n\n\n\n<p><strong>Salvador Mu\u00f1oz<\/strong><br><\/p>\n\n\n\n<p>En San L\u00e1zaro hay 36 diputados federales que representan a Veracruz, entre 25 de Morena, cinco del PAN, 4 del PRI, una del Movimiento Ciudadano y otra m\u00e1s, por el PRD. Como ya hemos citado, quiz\u00e1s por el abultado n\u00famero de morenistas, pocos hagan ruido y d\u00e1ndoles ese beneficio de la duda, sean contados con una mano los que se vean, ya no en Tribuna, al menos en trabajos de gestor\u00eda o en la grilla y se corre el riesgo que en esa contada \u00a1nos sobren dedos!<\/p>\n\n\n\n<p>Algo similar, en su justa proporci\u00f3n, ocurre con los otros 11 diputados federales que hacen el papel de \u201cOposici\u00f3n\u201d&#8230; s\u00f3lo 3 de \u00e9stos, sin temor a equivocarme, son los que hacen acto de presencia, no s\u00f3lo en Tribuna, sino tambi\u00e9n en la entidad\u2026 \u201cmenci\u00f3n honor\u00edfica\u201d merece Dulce Mar\u00eda M\u00e9ndez de la Luz Dauz\u00f3n, quien ven\u00eda realizando una labor constante y sonante y de repente, \u00a1zaz! se apag\u00f3, quiz\u00e1s por la pandemia, o no s\u00e9, pero de repente, dej\u00f3 de aparecer.<\/p>\n\n\n\n<p>\u00bfQui\u00e9nes son los tres diputados federales que hacen acto de presencia?: H\u00e9ctor Yunes, Anil\u00fa Ingram y Mariana Dunyaska.<\/p>\n\n\n\n<p>S\u00ed, a muchos puede desagradar H\u00e9ctor Yunes Landa, pero no se le puede negar que el chole\u00f1o es un h\u00e1bil pol\u00edtico que tiene por regla un Tweet diario (m\u00ednimo) que lleva jiribilla, agregue la columna semanal que comparte en redes sociales y que igual, gusta de subir a Tribuna para hacer sus posicionamientos.<\/p>\n\n\n\n<p>Casi en el mismo tenor se mueve la diputada Anil\u00fa Ingram Vallines que tiene una columna de opini\u00f3n, y gusta de hacer videocomentarios con temas coyunturales. Ni hablar de su participaci\u00f3n en Tribuna as\u00ed como sus iniciativas, algunas de ellas ya Ley.<\/p>\n\n\n\n<p>En la bancada jarocha, ellos dos hacen presencia en San L\u00e1zaro porque sus otros dos compa\u00f1eros \u00a1ni quien se acuerde de ellos! \u00a1Para qu\u00e9 citar sus nombres!<\/p>\n\n\n\n<p>En el caso de Mariana Dunyaska es una situaci\u00f3n similar a la bancada veracruzana tricolor\u2026 pareciera que el PAN de la entidad s\u00f3lo tiene un representante porque los hermanos del Chapito Guzm\u00e1n no se ven, pareciera que se la llevan muy c\u00f3moda en San L\u00e1zaro; Ricardo Garc\u00eda Guzm\u00e1n, si hace algo, es seguro que lo haga \u201cen corto\u201d, all\u00e1 en P\u00e1nuco, pero su figura es tan opaca como la de Rosario y Jes\u00fas. \u00bfCarlos Valenzuela? En cuanto el Yunismo se fue apagando en la entidad, con \u00e9l se fue desvaneciendo este diputado que al parecer, est\u00e1 condenado a su extinci\u00f3n una vez pasado su periodo legislativo\u2026<\/p>\n\n\n\n<p>El PAN veracruzano, pues, tiene en Mariana Dunyaska una voz en San L\u00e1zaro que ha exigido respuestas ante adjudicaciones y licitaciones directas en Pemex y CFE; que ha criticado recortes presupuestales, despidos, las compras de pipas, el endeudamiento ante el Banco Mundial y con legisladoras de Acci\u00f3n Nacional, impulsa la propuesta de homologaci\u00f3n del tipo penal del feminicidio y una ley general para atender, sancionar y erradicar el feminicidio (congelada continuamente por la mayor\u00eda oficialista)&#8230; \u00a1Ah! Y ha sido una piedra en el zapato por sus se\u00f1alamientos contra el gobierno de Cuitl\u00e1huac Garc\u00eda por distintos \u00e1ngulos, que van desde la compra de 160 patrullas a sobreprecio, la compra de 20 ambulancias y de medicinas a sobreprecio, el subejercicio del estado en todas sus dependencias, la extinci\u00f3n de fideicomisos, el destino de los recursos del reemplacamiento, aclaraci\u00f3n de los subejercicios en los fideicomisos de apoyo al campo, entre otros casos.&nbsp;<\/p>\n\n\n\n<p>El trabajo de Mariana Dunyaska no se concreta en \u201cser Oposici\u00f3n\u201d, sino en el \u201cser legislativo\u201d, pues ha logrado la aprobaci\u00f3n de diversas iniciativas como el descuento en transporte federal a personas con discapacidad, sanciones m\u00e1s severas a quienes contaminen cuerpos de agua y dentro de los asuntos hist\u00f3ricos, hubo un timbre postal, un billete de loter\u00eda y una moneda conmemorativa por los 500 a\u00f1os del primer ayuntamiento de M\u00e9xico.<\/p>\n\n\n\n<p>Y por si fuera poco, fue designada por el Congreso para participar en el grupo del Senado, en las reuniones del T-MEC (Tratado M\u00e9xico, Estados Unidos, Canad\u00e1) en la Comisi\u00f3n de Justicia, este viernes 19 de junio, tratando el tema de los Feminicidios.<\/p>\n\n\n\n<p>Ahora que se habla de la alianza PAN con PRI y hasta Movimiento Ciudadano, donde Bingen Rementer\u00eda cuenta con el apoyo del dirigente del PAN pero no del yunismo en el Puerto para ser candidato, y donde hay la posibilidad de que la cuesti\u00f3n de g\u00e9nero decidiera por una mujer como candidata a la alcald\u00eda de Veracruz, se tendr\u00eda que sopesar el trabajo de las jarochas en San L\u00e1zaro y empezar a pensar en Anil\u00fa Ingram y Mariana Dunyaska\u2026 \u00bfIndira Rosales?, bueno, ya citando a las tres, bien entonces esto se merece otra columna pensando en las posibilidades de cada una\u2026 y hasta las de Rosa Mar\u00eda Hern\u00e1ndez Espejo&#8230;<br><\/p>\n\n\n\n<p><strong>Catem no es el Anteburro<\/strong><\/p>\n\n\n\n<p>Al tiempo de precisar que Gonzalo Vicencio s\u00f3lo tiene un v\u00ednculo con Pedro Haces, que es pertenecer al partido de Morena, pero lejos de la Catem o Senadur\u00eda, se aclara que la Confederaci\u00f3n Aut\u00f3noma de Trabajadores y Empleados de M\u00e9xico (Catem) la cual lidera a nivel nacional el Senador, no es constructora ni se queda a cargo de obras como tal, la responsabilidad es directa de la empresa la cual es due\u00f1a del contrato. \u201cComo central obrera, \u00fanicamente firmamos contrato colectivo con dichas empresas, en este caso constructoras, para darle el trabajo ya sea de mano de obra o transporte a los obreros de la regi\u00f3n donde se lleve a cabo el desarrollo. Esto quiere decir, que la Catem no tiene responsabilidad ni culpa alguna en cuanto a la calidad de la obra (se refiere al tramo carretero Cerro de Nanchital-Las Choapas); nosotros \u00fanicamente en este caso, suministramos recurso humano para llevar a cabo los trabajos, mismos que son dirigidos por ingenieros y residentes de obra, que a su vez son empleados directos de la constructora ejecutora\u201d, comenta Eduardo (El Tato) Vega Yunes, representante en el estado del Senador y Delegado Nacional y l\u00edder de la Catem en Veravruz. \u00a1Servido!<br><\/p>\n\n\n\n<p><a href=\"mailto:smcainito@gmail.com\" target=\"_blank\" rel=\"noreferrer noopener\">smcainito@gmail.com<\/a><\/p>\n","protected":false},"excerpt":{"rendered":"<p>Los Pol\u00edticos Salvador Mu\u00f1oz En San L\u00e1zaro hay 36 diputados federales que representan a Veracruz, entre 25 de Morena, cinco del PAN, 4 del PRI, una del Movimiento Ciudadano y otra m\u00e1s, por el PRD. Como ya hemos citado, quiz\u00e1s por el abultado n\u00famero de morenistas, pocos hagan ruido y d\u00e1ndoles ese beneficio de la [&hellip;]<\/p>\n","protected":false},"author":1,"featured_media":387,"comment_status":"open","ping_status":"open","sticky":false,"template":"","format":"standard","meta":{"_jetpack_memberships_contains_paid_content":false,"footnotes":""},"categories":[11],"tags":[],"class_list":["post-3476","post","type-post","status-publish","format-standard","has-post-thumbnail","hentry","category-opinion"],"jetpack_featured_media_url":"https:\/\/encuentroinformativo.com.mx\/wp-content\/uploads\/2020\/03\/7CF8A22B-2764-47BE-8F7F-38FE9E5D6A2F.jpeg","jetpack_sharing_enabled":true,"jetpack_likes_enabled":true,"amp_enabled":true,"_links":{"self":[{"href":"https:\/\/encuentroinformativo.com.mx\/index.php?rest_route=\/wp\/v2\/posts\/3476","targetHints":{"allow":["GET"]}}],"collection":[{"href":"https:\/\/encuentroinformativo.com.mx\/index.php?rest_route=\/wp\/v2\/posts"}],"about":[{"href":"https:\/\/encuentroinformativo.com.mx\/index.php?rest_route=\/wp\/v2\/types\/post"}],"author":[{"embeddable":true,"href":"https:\/\/encuentroinformativo.com.mx\/index.php?rest_route=\/wp\/v2\/users\/1"}],"replies":[{"embeddable":true,"href":"https:\/\/encuentroinformativo.com.mx\/index.php?rest_route=%2Fwp%2Fv2%2Fcomments&post=3476"}],"version-history":[{"count":1,"href":"https:\/\/encuentroinformativo.com.mx\/index.php?rest_route=\/wp\/v2\/posts\/3476\/revisions"}],"predecessor-version":[{"id":3477,"href":"https:\/\/encuentroinformativo.com.mx\/index.php?rest_route=\/wp\/v2\/posts\/3476\/revisions\/3477"}],"wp:featuredmedia":[{"embeddable":true,"href":"https:\/\/encuentroinformativo.com.mx\/index.php?rest_route=\/wp\/v2\/media\/387"}],"wp:attachment":[{"href":"https:\/\/encuentroinformativo.com.mx\/index.php?rest_route=%2Fwp%2Fv2%2Fmedia&parent=3476"}],"wp:term":[{"taxonomy":"category","embeddable":true,"href":"https:\/\/encuentroinformativo.com.mx\/index.php?rest_route=%2Fwp%2Fv2%2Fcategories&post=3476"},{"taxonomy":"post_tag","embeddable":true,"href":"https:\/\/encuentroinformativo.com.mx\/index.php?rest_route=%2Fwp%2Fv2%2Ftags&post=3476"}],"curies":[{"name":"wp","href":"https:\/\/api.w.org\/{rel}","templated":true}]}}