{"id":34768,"date":"2022-12-25T14:18:18","date_gmt":"2022-12-25T20:18:18","guid":{"rendered":"https:\/\/encuentroinformativo.com.mx\/?p=34768"},"modified":"2022-12-25T14:18:22","modified_gmt":"2022-12-25T20:18:22","slug":"colonos-conforman-vecinos-vigilantes-en-plan-del-rio","status":"publish","type":"post","link":"https:\/\/encuentroinformativo.com.mx\/?p=34768","title":{"rendered":"Colonos conforman \u2018Vecinos Vigilantes\u2019 en Plan del R\u00edo"},"content":{"rendered":"\n<p><strong>Juan Arcos <\/strong><\/p>\n\n\n\n<p>Emiliano Zapata, Ver.- En la localidad de Plan del R\u00edo del municipio de Emiliano Zapata las familias se integraron como &#8220;Vecinos Vigilantes&#8221; ante los constantes hechos de inseguridad, como robos y asaltos.<\/p>\n\n\n\n<p>Una lona con la leyenda de alerta en contra de los maleantes se observa a orilla de la carretera libre Xalapa-Rinconada.<\/p>\n\n\n\n<p>\u201cVecinos Unidos contra la delincuencia. Si te encontramos robando o saqueando casas, negocios, etc&#8230; atente a las consecuencias \u00a1Ya estamos hartos!\u201d, se lee en el mensaje.<\/p>\n\n\n\n<p>De acuerdo con los vecinos, cuando salen a trabajar sus casas se quedan solas y se convierten en lugares que con facilidad los ladrones asechan para robar.<\/p>\n\n\n\n<p>Al ser un hecho constante, optaron por organizarse y establecer comunicaci\u00f3n constante entre los colonos para autoprotegerse y actuar contra quienes sean descubiertos cometiendo los atracos.<\/p>\n\n\n\n<p>De manera reciente, en la primera semana de diciembre, se registr\u00f3 un presunto linchamiento contra un ladr\u00f3n que supuestamente era integrante de una banda.<\/p>\n\n\n\n<p>Esta persona fue detectada por medio de c\u00e1maras de vigilancia y al ser ubicado merodeando las casas y haber hecho saqueos, fue acorralado, bajado de un veh\u00edculo, donde se suponen cargaba muebles y aparatos electr\u00f3nicos.<\/p>\n\n\n\n<p>Despu\u00e9s de haber sido golpeado, fue rescatado por la Polic\u00eda Municipal y Estatal. Fue llevado por param\u00e9dicos a un hospital y horas m\u00e1s tarde se report\u00f3 su deceso.<\/p>\n","protected":false},"excerpt":{"rendered":"<p>Juan Arcos Emiliano Zapata, Ver.- En la localidad de Plan del R\u00edo del municipio de Emiliano Zapata las familias se integraron como &#8220;Vecinos Vigilantes&#8221; ante los constantes hechos de inseguridad, como robos y asaltos. Una lona con la leyenda de alerta en contra de los maleantes se observa a orilla de la carretera libre Xalapa-Rinconada. [&hellip;]<\/p>\n","protected":false},"author":1,"featured_media":34769,"comment_status":"open","ping_status":"open","sticky":false,"template":"","format":"standard","meta":{"_jetpack_memberships_contains_paid_content":false,"footnotes":""},"categories":[8],"tags":[],"class_list":["post-34768","post","type-post","status-publish","format-standard","has-post-thumbnail","hentry","category-region"],"jetpack_featured_media_url":"https:\/\/encuentroinformativo.com.mx\/wp-content\/uploads\/2022\/12\/ABA6EC79-2112-4E95-83AE-085585728412.jpeg","jetpack_sharing_enabled":true,"jetpack_likes_enabled":true,"amp_enabled":true,"_links":{"self":[{"href":"https:\/\/encuentroinformativo.com.mx\/index.php?rest_route=\/wp\/v2\/posts\/34768","targetHints":{"allow":["GET"]}}],"collection":[{"href":"https:\/\/encuentroinformativo.com.mx\/index.php?rest_route=\/wp\/v2\/posts"}],"about":[{"href":"https:\/\/encuentroinformativo.com.mx\/index.php?rest_route=\/wp\/v2\/types\/post"}],"author":[{"embeddable":true,"href":"https:\/\/encuentroinformativo.com.mx\/index.php?rest_route=\/wp\/v2\/users\/1"}],"replies":[{"embeddable":true,"href":"https:\/\/encuentroinformativo.com.mx\/index.php?rest_route=%2Fwp%2Fv2%2Fcomments&post=34768"}],"version-history":[{"count":1,"href":"https:\/\/encuentroinformativo.com.mx\/index.php?rest_route=\/wp\/v2\/posts\/34768\/revisions"}],"predecessor-version":[{"id":34770,"href":"https:\/\/encuentroinformativo.com.mx\/index.php?rest_route=\/wp\/v2\/posts\/34768\/revisions\/34770"}],"wp:featuredmedia":[{"embeddable":true,"href":"https:\/\/encuentroinformativo.com.mx\/index.php?rest_route=\/wp\/v2\/media\/34769"}],"wp:attachment":[{"href":"https:\/\/encuentroinformativo.com.mx\/index.php?rest_route=%2Fwp%2Fv2%2Fmedia&parent=34768"}],"wp:term":[{"taxonomy":"category","embeddable":true,"href":"https:\/\/encuentroinformativo.com.mx\/index.php?rest_route=%2Fwp%2Fv2%2Fcategories&post=34768"},{"taxonomy":"post_tag","embeddable":true,"href":"https:\/\/encuentroinformativo.com.mx\/index.php?rest_route=%2Fwp%2Fv2%2Ftags&post=34768"}],"curies":[{"name":"wp","href":"https:\/\/api.w.org\/{rel}","templated":true}]}}