{"id":34779,"date":"2022-12-26T11:37:08","date_gmt":"2022-12-26T17:37:08","guid":{"rendered":"https:\/\/encuentroinformativo.com.mx\/?p=34779"},"modified":"2022-12-26T11:37:12","modified_gmt":"2022-12-26T17:37:12","slug":"veracruz-sin-focos-rojos-cisneros","status":"publish","type":"post","link":"https:\/\/encuentroinformativo.com.mx\/?p=34779","title":{"rendered":"Veracruz sin focos rojos: Cisneros"},"content":{"rendered":"\n<p><strong>Dar\u00edo Pale <\/strong><\/p>\n\n\n\n<p>Xalapa, Ver.- El secretario de Gobierno Eric Cisneros Burgos dio a conocer que en Veracruz no existen focos rojos por desapariciones, adem\u00e1s reconoci\u00f3 que no han dejado de ocurrir cosas, pero la situaci\u00f3n no se parece a la que heredaron Yunes, Duarte o \u00a0Fidel Herrera, esperan cerrar el 2022 con 34 secuestros y concluir la administraci\u00f3n con 20 secuestros.<\/p>\n\n\n\n<p>En entrevista dio a conocer que tras la denuncia que hiciera la familia de la menor F\u00e1tima Cristal Gonz\u00e1lez Patla, desaparecida en el municipio de Villa Aldama; en el sentido de que hay un gran n\u00famero de desapariciones en la regi\u00f3n de Villa Aldama, \u00a0afirm\u00f3 que si bien en Veracruz no han dejado de ocurrir cosas, ya no es un &#8220;foco rojo&#8221; en esa materia.<\/p>\n\n\n\n<p>Dio a conocer que no concuerda con los datos dados por la t\u00eda de F\u00e1tima, la se\u00f1ora Guadalupe Romero Gonz\u00e1lez quien revel\u00f3 que se han enterado de muchas desapariciones ahora que buscan a la menor de 14 a\u00f1os y, que si no se saben es porque la gente teme denunciar.<\/p>\n\n\n\n<p>El Secretario se\u00f1al\u00f3 que los &#8220;focos rojos&#8221; en materia de desapariciones se tuvieron en las administraciones de Fidel Herrera, \u00a0Javier Duarte y Miguel \u00c1ngel Yunes Linares.<\/p>\n\n\n\n<p>&#8220;Nosotros no tenemos esos datos que proporciona. Focos rojos eran en el gobierno pasado, en el gobierno de Duarte y de Fidel Herrera, esos s\u00ed eran focos rojos&#8221;, se\u00f1al\u00f3.<\/p>\n\n\n\n<p>&#8220;Por qu\u00e9, porque recibimos este gobierno con m\u00e1s de mil 700 homicidios en 2018 y este a\u00f1o lo vamos a terminar con alrededor de 900, o sea, la mitad de los que hab\u00eda hace algunos a\u00f1os&#8221;, agreg\u00f3.<\/p>\n\n\n\n<p>Cisneros Burgos refiri\u00f3 que un foco rojo era cuando gobernaba Yunes Linares y esta administraci\u00f3n se recibi\u00f3 con 300 secuestros, mientras que este a\u00f1o lo cerrar\u00edan quiz\u00e1 con 34 secuestros, es decir, un 10 por ciento a los que se registraban cuando tomaron la administraci\u00f3n.<\/p>\n\n\n\n<p>&#8220;Si bien siguen sucediendo cosas en Veracruz, no suceden con la misma frecuencia ni la misma intensidad que sucedieron en el pasado, estamos hablando de cosas muy distintas, en este gobierno hay una verdadera l\u00ednea clara entre la delincuencia organizada y los que estamos en el Gobierno&#8221;, coment\u00f3.<\/p>\n\n\n\n<p>El funcionario insisti\u00f3 en que los se\u00f1alamientos en su contra por proteger presuntamente a Jos\u00e9 Gil Caro Quintero, alias El Pelo Chino, presunto capo de la delincuencia organizada para que financie su futuro pol\u00edtico; son se\u00f1alamientos hechos sobre las rodillas.<\/p>\n\n\n\n<p>&#8220;Somos ciudadanos limpios, honestos y ademas, siempre lo he dicho, a nosotros no nos mueven complicidades, nos mueven nuestras convicciones y eso es lo que ha hecho que un servidor y, todos los que estamos en temas que tienen que ver con la gobernabilidad y, con la seguridad, en eso estamos; trabajando&#8221;, afirm\u00f3.<\/p>\n\n\n\n<p>El secretario de Gobierno espera que est\u00e1 administraci\u00f3n pueda cerrar su gesti\u00f3n con menos de 20 secuestros al a\u00f1o y reproch\u00f3 que no se digan las cosas buenas como que en Xalapa ya se van a cumplir dos a\u00f1os sin un secuestro, lo mismo que en Coatzacoalcos.<\/p>\n\n\n\n<p>Finalmente dio a conocer que, &#8220;cuando tomamos este gobierno hab\u00eda secuestros todos los d\u00edas y en Xalapa, revisen y acu\u00e9rdense, revisen hace dos a\u00f1os y van a tener muy claro qu\u00e9 suced\u00eda en Xalapa hace dos a\u00f1os y eso es porque aqu\u00ed hay una verdadera convicci\u00f3n por regresar la tranquilidad a los veracruzanos&#8221;.<\/p>\n","protected":false},"excerpt":{"rendered":"<p>Dar\u00edo Pale Xalapa, Ver.- El secretario de Gobierno Eric Cisneros Burgos dio a conocer que en Veracruz no existen focos rojos por desapariciones, adem\u00e1s reconoci\u00f3 que no han dejado de ocurrir cosas, pero la situaci\u00f3n no se parece a la que heredaron Yunes, Duarte o \u00a0Fidel Herrera, esperan cerrar el 2022 con 34 secuestros y [&hellip;]<\/p>\n","protected":false},"author":1,"featured_media":34780,"comment_status":"open","ping_status":"open","sticky":false,"template":"","format":"standard","meta":{"_jetpack_memberships_contains_paid_content":false,"footnotes":""},"categories":[2],"tags":[],"class_list":["post-34779","post","type-post","status-publish","format-standard","has-post-thumbnail","hentry","category-estado"],"jetpack_featured_media_url":"https:\/\/encuentroinformativo.com.mx\/wp-content\/uploads\/2022\/12\/76498629-CB5D-4445-B0F8-3098459DF54B.jpeg","jetpack_sharing_enabled":true,"jetpack_likes_enabled":true,"amp_enabled":true,"_links":{"self":[{"href":"https:\/\/encuentroinformativo.com.mx\/index.php?rest_route=\/wp\/v2\/posts\/34779","targetHints":{"allow":["GET"]}}],"collection":[{"href":"https:\/\/encuentroinformativo.com.mx\/index.php?rest_route=\/wp\/v2\/posts"}],"about":[{"href":"https:\/\/encuentroinformativo.com.mx\/index.php?rest_route=\/wp\/v2\/types\/post"}],"author":[{"embeddable":true,"href":"https:\/\/encuentroinformativo.com.mx\/index.php?rest_route=\/wp\/v2\/users\/1"}],"replies":[{"embeddable":true,"href":"https:\/\/encuentroinformativo.com.mx\/index.php?rest_route=%2Fwp%2Fv2%2Fcomments&post=34779"}],"version-history":[{"count":1,"href":"https:\/\/encuentroinformativo.com.mx\/index.php?rest_route=\/wp\/v2\/posts\/34779\/revisions"}],"predecessor-version":[{"id":34781,"href":"https:\/\/encuentroinformativo.com.mx\/index.php?rest_route=\/wp\/v2\/posts\/34779\/revisions\/34781"}],"wp:featuredmedia":[{"embeddable":true,"href":"https:\/\/encuentroinformativo.com.mx\/index.php?rest_route=\/wp\/v2\/media\/34780"}],"wp:attachment":[{"href":"https:\/\/encuentroinformativo.com.mx\/index.php?rest_route=%2Fwp%2Fv2%2Fmedia&parent=34779"}],"wp:term":[{"taxonomy":"category","embeddable":true,"href":"https:\/\/encuentroinformativo.com.mx\/index.php?rest_route=%2Fwp%2Fv2%2Fcategories&post=34779"},{"taxonomy":"post_tag","embeddable":true,"href":"https:\/\/encuentroinformativo.com.mx\/index.php?rest_route=%2Fwp%2Fv2%2Ftags&post=34779"}],"curies":[{"name":"wp","href":"https:\/\/api.w.org\/{rel}","templated":true}]}}