{"id":3478,"date":"2020-06-19T11:09:38","date_gmt":"2020-06-19T16:09:38","guid":{"rendered":"https:\/\/encuentroinformativo.com\/?p=3478"},"modified":"2020-06-19T11:09:41","modified_gmt":"2020-06-19T16:09:41","slug":"integrantes-de-colectivos-reclaman-recursos-para-comision-de-victimas","status":"publish","type":"post","link":"https:\/\/encuentroinformativo.com.mx\/?p=3478","title":{"rendered":"Integrantes de colectivos reclaman recursos para comisi\u00f3n de v\u00edctimas"},"content":{"rendered":"\n<p><strong>Juan Arcos <\/strong><\/p>\n\n\n\n<p>Xalapa, Ver.- Colectivos de familiares de desaparecidos se plantaron frente a Palacio de Gobierno, como parte de una protesta nacional por la negativa del presidente Andr\u00e9s Manuel L\u00f3pez Obrador para atender sus peticiones.<\/p>\n\n\n\n<p>Las personas sostuvieron lonas con los rostros de sus familiares sobre Plaza Sebasti\u00e1n Lerdo de Tejada, tambi\u00e9n para exigir destituci\u00f3n de la titular de la Comisi\u00f3n Ejecutiva de Atenci\u00f3n a V\u00edctimas (CEAV), Mara G\u00f3mez P\u00e9rez.<\/p>\n\n\n\n<p>De acuerdo con Carlos Salda\u00f1a Grajales, integrante del Colectivo Familiares Enlaces Xalapa, desde que G\u00f3mez P\u00e9rez asumi\u00f3 la titularidad de la CEAV, hace seis meses, fueron retenidos los recursos econ\u00f3micos para continuar con la b\u00fasqueda.<\/p>\n\n\n\n<p>\u201cElla dijo que eran instrucciones del Presidente, para hacer el recorte y que la comisi\u00f3n ya no ten\u00eda recursos, entonces par\u00f3 todo, siendo de que no debi\u00f3 haber sido as\u00ed porque el dinero ya estaba etiquetado, ya estaba en posesi\u00f3n de la Comisi\u00f3n Ejecutiva de Atenci\u00f3n a V\u00edctimas\u201d.<\/p>\n\n\n\n<p>El entrevistado indic\u00f3 que la noche del jueves les informaron sobre la presunta renuncia de Mara G\u00f3mez a la CEAV, este viernes.<\/p>\n\n\n\n<p>Sin embargo, indic\u00f3 que los familiares de desaparecidos est\u00e1n a la espera de que dicha situaci\u00f3n realmente se lleve a cabo.<\/p>\n\n\n\n<p>\u201cHubo una reuni\u00f3n con Alejandro Encinas (Subsecretario de Derechos Humanos) en la Ciudad de M\u00e9xico, con la Secretaria de Gobernaci\u00f3n, anoche nos dijeron, no est\u00e1 confirmado al cien por ciento, pero esperemos que as\u00ed sea, que se cambia la titular de la Comisi\u00f3n\u201d.<\/p>\n\n\n\n<p>Los colectivos de familiares de desaparecidos requieren asesor\u00eda jur\u00eddica, forense, servicios m\u00e9dicos, pagos funerarios, traslados, alimentaci\u00f3n y hospedaje, para continuar con sus labores de b\u00fasqueda.<\/p>\n\n\n\n<p>Cabe recordar que los colectivos tambi\u00e9n mantuvieron un plant\u00f3n afuera de Palacio Nacional para que fuera escuchado su reclamo.<\/p>\n\n\n\n<p><\/p>\n","protected":false},"excerpt":{"rendered":"<p>Juan Arcos Xalapa, Ver.- Colectivos de familiares de desaparecidos se plantaron frente a Palacio de Gobierno, como parte de una protesta nacional por la negativa del presidente Andr\u00e9s Manuel L\u00f3pez Obrador para atender sus peticiones. Las personas sostuvieron lonas con los rostros de sus familiares sobre Plaza Sebasti\u00e1n Lerdo de Tejada, tambi\u00e9n para exigir destituci\u00f3n [&hellip;]<\/p>\n","protected":false},"author":1,"featured_media":3479,"comment_status":"open","ping_status":"open","sticky":false,"template":"","format":"standard","meta":{"_jetpack_memberships_contains_paid_content":false,"footnotes":""},"categories":[3],"tags":[],"class_list":["post-3478","post","type-post","status-publish","format-standard","has-post-thumbnail","hentry","category-xalapa"],"jetpack_featured_media_url":"https:\/\/encuentroinformativo.com.mx\/wp-content\/uploads\/2020\/06\/4D305049-2D7F-4CC4-A74F-DC725BBBB664.jpeg","jetpack_sharing_enabled":true,"jetpack_likes_enabled":true,"amp_enabled":true,"_links":{"self":[{"href":"https:\/\/encuentroinformativo.com.mx\/index.php?rest_route=\/wp\/v2\/posts\/3478","targetHints":{"allow":["GET"]}}],"collection":[{"href":"https:\/\/encuentroinformativo.com.mx\/index.php?rest_route=\/wp\/v2\/posts"}],"about":[{"href":"https:\/\/encuentroinformativo.com.mx\/index.php?rest_route=\/wp\/v2\/types\/post"}],"author":[{"embeddable":true,"href":"https:\/\/encuentroinformativo.com.mx\/index.php?rest_route=\/wp\/v2\/users\/1"}],"replies":[{"embeddable":true,"href":"https:\/\/encuentroinformativo.com.mx\/index.php?rest_route=%2Fwp%2Fv2%2Fcomments&post=3478"}],"version-history":[{"count":1,"href":"https:\/\/encuentroinformativo.com.mx\/index.php?rest_route=\/wp\/v2\/posts\/3478\/revisions"}],"predecessor-version":[{"id":3480,"href":"https:\/\/encuentroinformativo.com.mx\/index.php?rest_route=\/wp\/v2\/posts\/3478\/revisions\/3480"}],"wp:featuredmedia":[{"embeddable":true,"href":"https:\/\/encuentroinformativo.com.mx\/index.php?rest_route=\/wp\/v2\/media\/3479"}],"wp:attachment":[{"href":"https:\/\/encuentroinformativo.com.mx\/index.php?rest_route=%2Fwp%2Fv2%2Fmedia&parent=3478"}],"wp:term":[{"taxonomy":"category","embeddable":true,"href":"https:\/\/encuentroinformativo.com.mx\/index.php?rest_route=%2Fwp%2Fv2%2Fcategories&post=3478"},{"taxonomy":"post_tag","embeddable":true,"href":"https:\/\/encuentroinformativo.com.mx\/index.php?rest_route=%2Fwp%2Fv2%2Ftags&post=3478"}],"curies":[{"name":"wp","href":"https:\/\/api.w.org\/{rel}","templated":true}]}}