{"id":34782,"date":"2022-12-26T14:03:49","date_gmt":"2022-12-26T20:03:49","guid":{"rendered":"https:\/\/encuentroinformativo.com.mx\/?p=34782"},"modified":"2022-12-26T14:03:52","modified_gmt":"2022-12-26T20:03:52","slug":"tras-accidente-reportan-grave-a-reina-de-carnaval-de-tierra-blanca","status":"publish","type":"post","link":"https:\/\/encuentroinformativo.com.mx\/?p=34782","title":{"rendered":"Tras accidente, Reportan grave a Reina de carnaval de Tierra Blanca"},"content":{"rendered":"\n<p><strong>Alejandro \u00c1vila<\/strong><\/p>\n\n\n\n<p>Veracruz, Ver.- Ayl\u00edn Castro Vaquero, Reina del Carnaval de Tierra Blanca 2022 est\u00e1 hospitalizada en un nosocomio del Puerto de Veracruz tras sufrir un accidente automovil\u00edstico el pasado 24 de diciembre, su estado de salud es reportado como grave.<\/p>\n\n\n\n<p>Cabe mencionar que el pasado s\u00e1bado por la tarde se suscit\u00f3 un fuerte choque en la carretera federal 145 La Tinaja &#8211; Ciudad Alem\u00e1n a la altura de la localidad El Amate, cerca de la bodega de Bimbo de Tierra Blanca.<\/p>\n\n\n\n<p>En el siniestro se impactaron de frente una camioneta Jeep color gris y un veh\u00edculo Nissan Altima color gris claro; de este accidente salieron lesionadas 8 personas, tres de ellas reportadas graves.<\/p>\n\n\n\n<p>La Reina del Carnaval y otros cuatro familiares originarios de la comunidad de Rodr\u00edguez Tejeda, se dirig\u00edan a la cabecera municipal, cu\u00e1ndo se vieron sorprendidos por el impacto de otra unidad m\u00f3vil.<\/p>\n\n\n\n<p>Los tripulantes del Altima son originarios de la localidad de Reforma en el municipio de Acatl\u00e1n en el estado de Oaxaca.<\/p>\n","protected":false},"excerpt":{"rendered":"<p>Alejandro \u00c1vila Veracruz, Ver.- Ayl\u00edn Castro Vaquero, Reina del Carnaval de Tierra Blanca 2022 est\u00e1 hospitalizada en un nosocomio del Puerto de Veracruz tras sufrir un accidente automovil\u00edstico el pasado 24 de diciembre, su estado de salud es reportado como grave. Cabe mencionar que el pasado s\u00e1bado por la tarde se suscit\u00f3 un fuerte choque [&hellip;]<\/p>\n","protected":false},"author":1,"featured_media":34783,"comment_status":"open","ping_status":"open","sticky":false,"template":"","format":"standard","meta":{"_jetpack_memberships_contains_paid_content":false,"footnotes":""},"categories":[2],"tags":[],"class_list":["post-34782","post","type-post","status-publish","format-standard","has-post-thumbnail","hentry","category-estado"],"jetpack_featured_media_url":"https:\/\/encuentroinformativo.com.mx\/wp-content\/uploads\/2022\/12\/9EBAAA7D-5FA8-4AA5-9BE7-5F2C1B8A4B97.jpeg","jetpack_sharing_enabled":true,"jetpack_likes_enabled":true,"amp_enabled":true,"_links":{"self":[{"href":"https:\/\/encuentroinformativo.com.mx\/index.php?rest_route=\/wp\/v2\/posts\/34782","targetHints":{"allow":["GET"]}}],"collection":[{"href":"https:\/\/encuentroinformativo.com.mx\/index.php?rest_route=\/wp\/v2\/posts"}],"about":[{"href":"https:\/\/encuentroinformativo.com.mx\/index.php?rest_route=\/wp\/v2\/types\/post"}],"author":[{"embeddable":true,"href":"https:\/\/encuentroinformativo.com.mx\/index.php?rest_route=\/wp\/v2\/users\/1"}],"replies":[{"embeddable":true,"href":"https:\/\/encuentroinformativo.com.mx\/index.php?rest_route=%2Fwp%2Fv2%2Fcomments&post=34782"}],"version-history":[{"count":1,"href":"https:\/\/encuentroinformativo.com.mx\/index.php?rest_route=\/wp\/v2\/posts\/34782\/revisions"}],"predecessor-version":[{"id":34784,"href":"https:\/\/encuentroinformativo.com.mx\/index.php?rest_route=\/wp\/v2\/posts\/34782\/revisions\/34784"}],"wp:featuredmedia":[{"embeddable":true,"href":"https:\/\/encuentroinformativo.com.mx\/index.php?rest_route=\/wp\/v2\/media\/34783"}],"wp:attachment":[{"href":"https:\/\/encuentroinformativo.com.mx\/index.php?rest_route=%2Fwp%2Fv2%2Fmedia&parent=34782"}],"wp:term":[{"taxonomy":"category","embeddable":true,"href":"https:\/\/encuentroinformativo.com.mx\/index.php?rest_route=%2Fwp%2Fv2%2Fcategories&post=34782"},{"taxonomy":"post_tag","embeddable":true,"href":"https:\/\/encuentroinformativo.com.mx\/index.php?rest_route=%2Fwp%2Fv2%2Ftags&post=34782"}],"curies":[{"name":"wp","href":"https:\/\/api.w.org\/{rel}","templated":true}]}}