{"id":34806,"date":"2022-12-26T15:16:28","date_gmt":"2022-12-26T21:16:28","guid":{"rendered":"https:\/\/encuentroinformativo.com.mx\/?p=34806"},"modified":"2022-12-26T15:16:28","modified_gmt":"2022-12-26T21:16:28","slug":"disfrutan-visitantes-nevada-del-cofre","status":"publish","type":"post","link":"https:\/\/encuentroinformativo.com.mx\/?p=34806","title":{"rendered":"Disfrutan visitantes nevada del Cofre"},"content":{"rendered":"\n<p>Perote, Ver.- Tras reportarse las primera nevada en el Cofre de Perote este domingo, este lunes se registr\u00f3 gran afluencia de personas a pesar que la Secretar\u00eda de Protecci\u00f3n Civil informara que el acceso al Cofre estar\u00eda restringido para evitar alguna situaci\u00f3n de riesgo con los visitantes quienes acuden para tomarse la foto del recuerdo o realizar mu\u00f1ecos de nieve y disfrutar del paisaje.\u00a0<\/p>\n\n\n\n\n\n<figure class=\"wp-block-image size-large\"><img loading=\"lazy\" decoding=\"async\" width=\"1024\" height=\"768\" src=\"https:\/\/encuentroinformativo.com.mx\/wp-content\/uploads\/2022\/12\/4D32D733-1152-4EFD-A06B-43507DFD4E20-1024x768.jpeg\" alt=\"\" class=\"wp-image-34808\" srcset=\"https:\/\/encuentroinformativo.com.mx\/wp-content\/uploads\/2022\/12\/4D32D733-1152-4EFD-A06B-43507DFD4E20-1024x768.jpeg 1024w, https:\/\/encuentroinformativo.com.mx\/wp-content\/uploads\/2022\/12\/4D32D733-1152-4EFD-A06B-43507DFD4E20-300x225.jpeg 300w, https:\/\/encuentroinformativo.com.mx\/wp-content\/uploads\/2022\/12\/4D32D733-1152-4EFD-A06B-43507DFD4E20-768x576.jpeg 768w, https:\/\/encuentroinformativo.com.mx\/wp-content\/uploads\/2022\/12\/4D32D733-1152-4EFD-A06B-43507DFD4E20.jpeg 1280w\" sizes=\"auto, (max-width: 1024px) 100vw, 1024px\" \/><\/figure>\n","protected":false},"excerpt":{"rendered":"<p>Perote, Ver.- Tras reportarse las primera nevada en el Cofre de Perote este domingo, este lunes se registr\u00f3 gran afluencia de personas a pesar que la Secretar\u00eda de Protecci\u00f3n Civil informara que el acceso al Cofre estar\u00eda restringido para evitar alguna situaci\u00f3n de riesgo con los visitantes quienes acuden para tomarse la foto del recuerdo [&hellip;]<\/p>\n","protected":false},"author":1,"featured_media":34807,"comment_status":"open","ping_status":"open","sticky":false,"template":"","format":"standard","meta":{"_jetpack_memberships_contains_paid_content":false,"footnotes":""},"categories":[8],"tags":[],"class_list":["post-34806","post","type-post","status-publish","format-standard","has-post-thumbnail","hentry","category-region"],"jetpack_featured_media_url":"https:\/\/encuentroinformativo.com.mx\/wp-content\/uploads\/2022\/12\/A128E354-BF3E-47D9-A30D-E085CE758BCE.jpeg","jetpack_sharing_enabled":true,"jetpack_likes_enabled":true,"amp_enabled":true,"_links":{"self":[{"href":"https:\/\/encuentroinformativo.com.mx\/index.php?rest_route=\/wp\/v2\/posts\/34806","targetHints":{"allow":["GET"]}}],"collection":[{"href":"https:\/\/encuentroinformativo.com.mx\/index.php?rest_route=\/wp\/v2\/posts"}],"about":[{"href":"https:\/\/encuentroinformativo.com.mx\/index.php?rest_route=\/wp\/v2\/types\/post"}],"author":[{"embeddable":true,"href":"https:\/\/encuentroinformativo.com.mx\/index.php?rest_route=\/wp\/v2\/users\/1"}],"replies":[{"embeddable":true,"href":"https:\/\/encuentroinformativo.com.mx\/index.php?rest_route=%2Fwp%2Fv2%2Fcomments&post=34806"}],"version-history":[{"count":1,"href":"https:\/\/encuentroinformativo.com.mx\/index.php?rest_route=\/wp\/v2\/posts\/34806\/revisions"}],"predecessor-version":[{"id":34809,"href":"https:\/\/encuentroinformativo.com.mx\/index.php?rest_route=\/wp\/v2\/posts\/34806\/revisions\/34809"}],"wp:featuredmedia":[{"embeddable":true,"href":"https:\/\/encuentroinformativo.com.mx\/index.php?rest_route=\/wp\/v2\/media\/34807"}],"wp:attachment":[{"href":"https:\/\/encuentroinformativo.com.mx\/index.php?rest_route=%2Fwp%2Fv2%2Fmedia&parent=34806"}],"wp:term":[{"taxonomy":"category","embeddable":true,"href":"https:\/\/encuentroinformativo.com.mx\/index.php?rest_route=%2Fwp%2Fv2%2Fcategories&post=34806"},{"taxonomy":"post_tag","embeddable":true,"href":"https:\/\/encuentroinformativo.com.mx\/index.php?rest_route=%2Fwp%2Fv2%2Ftags&post=34806"}],"curies":[{"name":"wp","href":"https:\/\/api.w.org\/{rel}","templated":true}]}}