{"id":34814,"date":"2022-12-26T17:10:19","date_gmt":"2022-12-26T23:10:19","guid":{"rendered":"https:\/\/encuentroinformativo.com.mx\/?p=34814"},"modified":"2022-12-26T17:10:23","modified_gmt":"2022-12-26T23:10:23","slug":"descarta-alcalde-ahued-instalacion-de-parquimetros","status":"publish","type":"post","link":"https:\/\/encuentroinformativo.com.mx\/?p=34814","title":{"rendered":"Descarta Alcalde Ahued instalaci\u00f3n de parqu\u00edmetros"},"content":{"rendered":"\n<p><strong>Dar\u00edo Pale<\/strong><\/p>\n\n\n\n<p>Xalapa, Ver.- En la capital del estado no se instalar\u00e1n parqu\u00edmetros, hasta el momento no hay ninguna propuesta de instalaci\u00f3n no se ha recibido alguna propuesta, as\u00ed lo se\u00f1al\u00f3 el presidente municipal Ricardo Ahued Bardahuil.<\/p>\n\n\n\n<p>El edil aclar\u00f3 que en Xalapa no se colocar\u00e1n ya que no tienen ninguna solicitud ni est\u00e1n viendo alguna propuesta.<\/p>\n\n\n\n<p>Cabe recordar que Ahued Bardahuil envi\u00f3 al Congreso local su propuesta de Ley de Ingresos y Presupuesto de Egresos para el 2023, que regula el cobro de algunos servicios, como por ejemplo, para los automovilistas se establecer\u00e1 como tope m\u00e1ximo de cobro 13 pesos por el estacionamiento en la v\u00eda p\u00fablica.<\/p>\n\n\n\n<p>&#8220;En Xalapa no hay ninguna iniciaci\u00f3n de parqu\u00edmetros tal vez es algo que viene en el C\u00f3digo para el caso de las ciudades donde hay parqu\u00edmetros, se establezca una regulaci\u00f3n, pero en Xalapa no hay ninguna autorizaci\u00f3n de instalaci\u00f3n de parqu\u00edmetros&#8221;, aclar\u00f3.<\/p>\n\n\n\n<p>Opin\u00f3 de manera personal, que no deben existir parqu\u00edmetros en la capital e insisti\u00f3 en que no se promueve.<br><\/p>\n\n\n\n<p>Finalmente dio a conocer que, &#8220;por el momento en nuestra administraci\u00f3n no hay ninguna propuesta de instalaci\u00f3n, ni hemos recibido propuesta de alguna empresa y, no creo que sea una pol\u00edtica p\u00fablica de esta administraci\u00f3n la promoci\u00f3n o instalaci\u00f3n de los mismos&#8221;.<\/p>\n\n\n\n<p><strong>Aumento en CMAS<\/strong><\/p>\n\n\n\n<p>En otro orden de ideas, respecto del incremento de salario por parte del sindicato de CMAS, el Alcalde explic\u00f3 que solo esperan que el Tribunal de Conciliaci\u00f3n y Arbitraje les diga para ver con qui\u00e9n se deben sentar a dialogar.<\/p>\n\n\n\n<p>&#8220;Ya ser\u00e1 la autoridad la que ratifique y nos diga con cu\u00e1l y con qui\u00e9nes sentarnos y trabajar en conjunto, es una pr\u00e1ctica normal&#8221;, se\u00f1al\u00f3.<\/p>\n\n\n\n<p>&#8220;Nos habremos de sentar para revisar los derechos laborales con quien la autoridad nos asigne. Soy respetuoso de los 2,3, 4 sindicatos que est\u00e9n buscando la representaci\u00f3n&#8221;, agreg\u00f3.<\/p>\n\n\n\n<p>Por lo tanto el acuerdo se har\u00e1 con quien la autoridad laboral lo determine.<\/p>\n","protected":false},"excerpt":{"rendered":"<p>Dar\u00edo Pale Xalapa, Ver.- En la capital del estado no se instalar\u00e1n parqu\u00edmetros, hasta el momento no hay ninguna propuesta de instalaci\u00f3n no se ha recibido alguna propuesta, as\u00ed lo se\u00f1al\u00f3 el presidente municipal Ricardo Ahued Bardahuil. El edil aclar\u00f3 que en Xalapa no se colocar\u00e1n ya que no tienen ninguna solicitud ni est\u00e1n viendo [&hellip;]<\/p>\n","protected":false},"author":1,"featured_media":34815,"comment_status":"open","ping_status":"open","sticky":false,"template":"","format":"standard","meta":{"_jetpack_memberships_contains_paid_content":false,"footnotes":""},"categories":[3],"tags":[],"class_list":["post-34814","post","type-post","status-publish","format-standard","has-post-thumbnail","hentry","category-xalapa"],"jetpack_featured_media_url":"https:\/\/encuentroinformativo.com.mx\/wp-content\/uploads\/2022\/12\/ECC24A4E-53DA-422D-B250-3F8299C17BE4.jpeg","jetpack_sharing_enabled":true,"jetpack_likes_enabled":true,"amp_enabled":true,"_links":{"self":[{"href":"https:\/\/encuentroinformativo.com.mx\/index.php?rest_route=\/wp\/v2\/posts\/34814","targetHints":{"allow":["GET"]}}],"collection":[{"href":"https:\/\/encuentroinformativo.com.mx\/index.php?rest_route=\/wp\/v2\/posts"}],"about":[{"href":"https:\/\/encuentroinformativo.com.mx\/index.php?rest_route=\/wp\/v2\/types\/post"}],"author":[{"embeddable":true,"href":"https:\/\/encuentroinformativo.com.mx\/index.php?rest_route=\/wp\/v2\/users\/1"}],"replies":[{"embeddable":true,"href":"https:\/\/encuentroinformativo.com.mx\/index.php?rest_route=%2Fwp%2Fv2%2Fcomments&post=34814"}],"version-history":[{"count":1,"href":"https:\/\/encuentroinformativo.com.mx\/index.php?rest_route=\/wp\/v2\/posts\/34814\/revisions"}],"predecessor-version":[{"id":34816,"href":"https:\/\/encuentroinformativo.com.mx\/index.php?rest_route=\/wp\/v2\/posts\/34814\/revisions\/34816"}],"wp:featuredmedia":[{"embeddable":true,"href":"https:\/\/encuentroinformativo.com.mx\/index.php?rest_route=\/wp\/v2\/media\/34815"}],"wp:attachment":[{"href":"https:\/\/encuentroinformativo.com.mx\/index.php?rest_route=%2Fwp%2Fv2%2Fmedia&parent=34814"}],"wp:term":[{"taxonomy":"category","embeddable":true,"href":"https:\/\/encuentroinformativo.com.mx\/index.php?rest_route=%2Fwp%2Fv2%2Fcategories&post=34814"},{"taxonomy":"post_tag","embeddable":true,"href":"https:\/\/encuentroinformativo.com.mx\/index.php?rest_route=%2Fwp%2Fv2%2Ftags&post=34814"}],"curies":[{"name":"wp","href":"https:\/\/api.w.org\/{rel}","templated":true}]}}