{"id":34820,"date":"2022-12-25T23:07:51","date_gmt":"2022-12-26T05:07:51","guid":{"rendered":"https:\/\/encuentroinformativo.com.mx\/?p=34820"},"modified":"2022-12-26T23:11:40","modified_gmt":"2022-12-27T05:11:40","slug":"se-registro-primera-nevada-en-cofre-de-perote","status":"publish","type":"post","link":"https:\/\/encuentroinformativo.com.mx\/?p=34820","title":{"rendered":"Se registr\u00f3 primera nevada en Cofre de Perote"},"content":{"rendered":"\n<p><strong>Juan Arcos <\/strong><\/p>\n\n\n\n<p>Xalapa, Ver.- Esta Navidad se registr\u00f3 la primera nevada de la temporada 2022-2023 en el Cofre de Perote, confirmaron meteor\u00f3logos de la Comisi\u00f3n Nacional del Agua (Conagua) durante la tarde noche de este domingo 25 de diciembre.<\/p>\n\n\n\n<p>La jefa del Departamento de Hidrometeorolog\u00eda de la Conagua, Jessica Iveth Luna Lagunes, inform\u00f3 en sus redes sociales sobre este fen\u00f3meno que es esperado por muchas familias para visitar la zona.<\/p>\n\n\n\n<p>\u201cSe registra la primera nevada de la temporada 2022-2023 en el Cofre de Perote. Si pretende subir el d\u00eda de ma\u00f1ana atienda las recomendaciones de las autoridades que se ubican en sitio\u201d, se lee en la publicaci\u00f3n de la meteor\u00f3loga.<\/p>\n\n\n\n<p>La Secretar\u00eda de Protecci\u00f3n Civil (PC), a cargo de Guadalupe Osorno Maldonado, inform\u00f3 que el acceso est\u00e1 restringido a la parte alta del parque nacional, por cuestiones de seguridad.<\/p>\n\n\n\n<p>Las autoridades tambi\u00e9n dieron a conocer que la calzada est\u00e1 da\u00f1ada y por ello se recomienda a los visitantes que conduzca con precauci\u00f3n para evitar accidentes en la zona.<\/p>\n\n\n\n<p>Adem\u00e1s, indicaron que solo se permitir\u00eda el acceso hasta el parque recreativo El Conejo, pues se hab\u00eda pronosticado la ca\u00edda de agua nieve, heladas y posibles nevadas, debido al paso del frente fr\u00edo n\u00famero 19.<\/p>\n\n\n\n<p>Al mediod\u00eda, la meteor\u00f3loga de Conagua, Jessica Iveth Luna Lagunes, confirm\u00f3 la presencia de una cencellada en la cima del Cofre de Perote, con la formaci\u00f3n de l\u00e1minas de hielo sobre superficies expuestas a la intemperie que se han enfriado lo suficiente para congelar el roc\u00edo.<\/p>\n\n\n\n<p>\u201cEl pron\u00f3stico sigue indicando la probabilidad de cencelladas hoy y ma\u00f1ana en zonas serranas; as\u00ed como cierta posibilidad de ca\u00edda de agua nieve o nieve en la parte alta del Cofre de Perote y Pico de Orizaba\u201d, refiri\u00f3.<\/p>\n\n\n\n<p>Sobre la nevada en el Cofre de Perote, la Secretar\u00eda de Protecci\u00f3n Civil pidi\u00f3 a la poblaci\u00f3n que acate las recomendaciones que son difundidas de manera oficial.<\/p>\n\n\n\n<p>\u201cLa tarde de hoy se registr\u00f3 una nevada en el Parque Nacional del Cofre de Perote. Se recuerda a la poblaci\u00f3n que debido a ello, la Comisi\u00f3n Nacional de \u00c1reas Nacionales Protegidas (CONANP) mantendr\u00e1 cerrado el acceso por seguridad, y se mantendr\u00e1 cerrado mientras continuen las condiciones de nieve, aguanieve o lluvia\u201d, indic\u00f3 la dependencia estatal, en un breve comunicado.<\/p>\n","protected":false},"excerpt":{"rendered":"<p>Juan Arcos Xalapa, Ver.- Esta Navidad se registr\u00f3 la primera nevada de la temporada 2022-2023 en el Cofre de Perote, confirmaron meteor\u00f3logos de la Comisi\u00f3n Nacional del Agua (Conagua) durante la tarde noche de este domingo 25 de diciembre. La jefa del Departamento de Hidrometeorolog\u00eda de la Conagua, Jessica Iveth Luna Lagunes, inform\u00f3 en sus [&hellip;]<\/p>\n","protected":false},"author":1,"featured_media":34821,"comment_status":"open","ping_status":"open","sticky":false,"template":"","format":"standard","meta":{"_jetpack_memberships_contains_paid_content":false,"footnotes":""},"categories":[8],"tags":[],"class_list":["post-34820","post","type-post","status-publish","format-standard","has-post-thumbnail","hentry","category-region"],"jetpack_featured_media_url":"https:\/\/encuentroinformativo.com.mx\/wp-content\/uploads\/2022\/12\/671A430B-DE7A-45A5-8EF6-F901B39818D9.jpeg","jetpack_sharing_enabled":true,"jetpack_likes_enabled":true,"amp_enabled":true,"_links":{"self":[{"href":"https:\/\/encuentroinformativo.com.mx\/index.php?rest_route=\/wp\/v2\/posts\/34820","targetHints":{"allow":["GET"]}}],"collection":[{"href":"https:\/\/encuentroinformativo.com.mx\/index.php?rest_route=\/wp\/v2\/posts"}],"about":[{"href":"https:\/\/encuentroinformativo.com.mx\/index.php?rest_route=\/wp\/v2\/types\/post"}],"author":[{"embeddable":true,"href":"https:\/\/encuentroinformativo.com.mx\/index.php?rest_route=\/wp\/v2\/users\/1"}],"replies":[{"embeddable":true,"href":"https:\/\/encuentroinformativo.com.mx\/index.php?rest_route=%2Fwp%2Fv2%2Fcomments&post=34820"}],"version-history":[{"count":1,"href":"https:\/\/encuentroinformativo.com.mx\/index.php?rest_route=\/wp\/v2\/posts\/34820\/revisions"}],"predecessor-version":[{"id":34822,"href":"https:\/\/encuentroinformativo.com.mx\/index.php?rest_route=\/wp\/v2\/posts\/34820\/revisions\/34822"}],"wp:featuredmedia":[{"embeddable":true,"href":"https:\/\/encuentroinformativo.com.mx\/index.php?rest_route=\/wp\/v2\/media\/34821"}],"wp:attachment":[{"href":"https:\/\/encuentroinformativo.com.mx\/index.php?rest_route=%2Fwp%2Fv2%2Fmedia&parent=34820"}],"wp:term":[{"taxonomy":"category","embeddable":true,"href":"https:\/\/encuentroinformativo.com.mx\/index.php?rest_route=%2Fwp%2Fv2%2Fcategories&post=34820"},{"taxonomy":"post_tag","embeddable":true,"href":"https:\/\/encuentroinformativo.com.mx\/index.php?rest_route=%2Fwp%2Fv2%2Ftags&post=34820"}],"curies":[{"name":"wp","href":"https:\/\/api.w.org\/{rel}","templated":true}]}}