{"id":34833,"date":"2022-12-27T12:22:01","date_gmt":"2022-12-27T18:22:01","guid":{"rendered":"https:\/\/encuentroinformativo.com.mx\/?p=34833"},"modified":"2022-12-27T12:22:04","modified_gmt":"2022-12-27T18:22:04","slug":"presunta-camioneta-de-frutas-es-detenida-por-transportar-pirotecnia","status":"publish","type":"post","link":"https:\/\/encuentroinformativo.com.mx\/?p=34833","title":{"rendered":"Presunta camioneta de frutas es detenida por transportar pirotecnia"},"content":{"rendered":"\n<p><strong>Alejandro \u00c1vila<\/strong><\/p>\n\n\n\n<p>Veracruz, Ver.- El Ayuntamiento de Veracruz detuvo a una camioneta que transportaba art\u00edculos de pirotecnia de manera il\u00edcita, por lo cual fue decomisado el material y el conductor fue entregado a las autoridades correspondientes.<\/p>\n\n\n\n<p>Los hechos ocurrieron en el fraccionamiento Las Brisas al norte de la ciudad de Veracruz, d\u00f3nde se realizaba el operativo entre las direcciones de Comercio y Gobernaci\u00f3n, adem\u00e1s de la Polic\u00eda Municipal.<\/p>\n\n\n\n<p>La corporaci\u00f3n policial intercepto una camioneta Chevrolet con placas SL-50-875 del Estado de Puebla, cargada de pirotecnia, en las calles de V\u00edctor S\u00e1nchez Tapia y Joaqu\u00edn Perea.<\/p>\n\n\n\n<p>El conductor de nombre Gonzalo &#8220;N&#8221; se encontraba vendiendo la pirotecnia de forma ilegal tapando los productos con un cargamento de fruta.<\/p>\n\n\n\n<p>Al hacer la revisi\u00f3n, se detect\u00f3 que tra\u00eda pirotecnia il\u00edcita de acuerdo a la Secretar\u00eda de la Defensa Nacional, por el uso excesivo de p\u00f3lvora.<\/p>\n\n\n\n<p>El sujeto detenido as\u00ed como su unidad, fueron entregados a las autoridades correspondientes.<\/p>\n","protected":false},"excerpt":{"rendered":"<p>Alejandro \u00c1vila Veracruz, Ver.- El Ayuntamiento de Veracruz detuvo a una camioneta que transportaba art\u00edculos de pirotecnia de manera il\u00edcita, por lo cual fue decomisado el material y el conductor fue entregado a las autoridades correspondientes. Los hechos ocurrieron en el fraccionamiento Las Brisas al norte de la ciudad de Veracruz, d\u00f3nde se realizaba el [&hellip;]<\/p>\n","protected":false},"author":1,"featured_media":34834,"comment_status":"open","ping_status":"open","sticky":false,"template":"","format":"standard","meta":{"_jetpack_memberships_contains_paid_content":false,"footnotes":""},"categories":[14],"tags":[],"class_list":["post-34833","post","type-post","status-publish","format-standard","has-post-thumbnail","hentry","category-policiaca"],"jetpack_featured_media_url":"https:\/\/encuentroinformativo.com.mx\/wp-content\/uploads\/2022\/12\/06CA3DAD-6A49-4735-8AC9-9FBD220652C0.jpeg","jetpack_sharing_enabled":true,"jetpack_likes_enabled":true,"amp_enabled":true,"_links":{"self":[{"href":"https:\/\/encuentroinformativo.com.mx\/index.php?rest_route=\/wp\/v2\/posts\/34833","targetHints":{"allow":["GET"]}}],"collection":[{"href":"https:\/\/encuentroinformativo.com.mx\/index.php?rest_route=\/wp\/v2\/posts"}],"about":[{"href":"https:\/\/encuentroinformativo.com.mx\/index.php?rest_route=\/wp\/v2\/types\/post"}],"author":[{"embeddable":true,"href":"https:\/\/encuentroinformativo.com.mx\/index.php?rest_route=\/wp\/v2\/users\/1"}],"replies":[{"embeddable":true,"href":"https:\/\/encuentroinformativo.com.mx\/index.php?rest_route=%2Fwp%2Fv2%2Fcomments&post=34833"}],"version-history":[{"count":1,"href":"https:\/\/encuentroinformativo.com.mx\/index.php?rest_route=\/wp\/v2\/posts\/34833\/revisions"}],"predecessor-version":[{"id":34835,"href":"https:\/\/encuentroinformativo.com.mx\/index.php?rest_route=\/wp\/v2\/posts\/34833\/revisions\/34835"}],"wp:featuredmedia":[{"embeddable":true,"href":"https:\/\/encuentroinformativo.com.mx\/index.php?rest_route=\/wp\/v2\/media\/34834"}],"wp:attachment":[{"href":"https:\/\/encuentroinformativo.com.mx\/index.php?rest_route=%2Fwp%2Fv2%2Fmedia&parent=34833"}],"wp:term":[{"taxonomy":"category","embeddable":true,"href":"https:\/\/encuentroinformativo.com.mx\/index.php?rest_route=%2Fwp%2Fv2%2Fcategories&post=34833"},{"taxonomy":"post_tag","embeddable":true,"href":"https:\/\/encuentroinformativo.com.mx\/index.php?rest_route=%2Fwp%2Fv2%2Ftags&post=34833"}],"curies":[{"name":"wp","href":"https:\/\/api.w.org\/{rel}","templated":true}]}}