{"id":34836,"date":"2022-12-27T12:29:24","date_gmt":"2022-12-27T18:29:24","guid":{"rendered":"https:\/\/encuentroinformativo.com.mx\/?p=34836"},"modified":"2022-12-27T12:29:28","modified_gmt":"2022-12-27T18:29:28","slug":"se-poncho-maleno-se-reporta-diputado-con-sintomas-de-covid","status":"publish","type":"post","link":"https:\/\/encuentroinformativo.com.mx\/?p=34836","title":{"rendered":"Se &#8220;ponch\u00f3&#8221; Maleno, se reporta diputado con s\u00edntomas de COVID"},"content":{"rendered":"\n<p><strong>Alejandro \u00c1vila<\/strong><\/p>\n\n\n\n<p>Medell\u00edn de Bravo, Ver.- El diputado local, Magdaleno Rosales Torres inform\u00f3 en sus redes sociales que suspendi\u00f3 sus actividades en su distrito, el XVII, pues se encuentra enfermo.<\/p>\n\n\n\n<p>El legislador morenista public\u00f3 que decidi\u00f3 resguardarse en su hogar, tras presentar fiebre, dolor de cabeza, dolor de huesos, gripa y tos; los cuales han sido los s\u00edntomas de COVID (aunque esto no ha sido confirmado por el diputado); y cabe recordar que en estas fechas se confirm\u00f3 existe una sexta ola de contagios en el estado de Veracruz.<\/p>\n\n\n\n<p>&#8220;Maleno&#8221; Rosales toma la decisi\u00f3n de resguardarse en su hogar a partir de este lunes 26 de diciembre, justo un d\u00eda antes de su cumplea\u00f1os.<\/p>\n\n\n\n<p>La \u00faltima actividad p\u00fablica que tuvo fue en la localidad de La Cocada en el municipio de Manlio Fabio Altamirano el pasado s\u00e1bado 24 de diciembre; en aquella ocasi\u00f3n llev\u00f3 maquinaria para mejorar las calles de una colonia, de igual manera se colocaron tubos en la periferia para evitar que el agua de los lavaderos provocasen encharcamientos o lodazales.<\/p>\n","protected":false},"excerpt":{"rendered":"<p>Alejandro \u00c1vila Medell\u00edn de Bravo, Ver.- El diputado local, Magdaleno Rosales Torres inform\u00f3 en sus redes sociales que suspendi\u00f3 sus actividades en su distrito, el XVII, pues se encuentra enfermo. El legislador morenista public\u00f3 que decidi\u00f3 resguardarse en su hogar, tras presentar fiebre, dolor de cabeza, dolor de huesos, gripa y tos; los cuales han [&hellip;]<\/p>\n","protected":false},"author":1,"featured_media":34837,"comment_status":"open","ping_status":"open","sticky":false,"template":"","format":"standard","meta":{"_jetpack_memberships_contains_paid_content":false,"footnotes":""},"categories":[2],"tags":[],"class_list":["post-34836","post","type-post","status-publish","format-standard","has-post-thumbnail","hentry","category-estado"],"jetpack_featured_media_url":"https:\/\/encuentroinformativo.com.mx\/wp-content\/uploads\/2022\/12\/705490B5-2D2B-450A-8584-11357E03E130.jpeg","jetpack_sharing_enabled":true,"jetpack_likes_enabled":true,"amp_enabled":true,"_links":{"self":[{"href":"https:\/\/encuentroinformativo.com.mx\/index.php?rest_route=\/wp\/v2\/posts\/34836","targetHints":{"allow":["GET"]}}],"collection":[{"href":"https:\/\/encuentroinformativo.com.mx\/index.php?rest_route=\/wp\/v2\/posts"}],"about":[{"href":"https:\/\/encuentroinformativo.com.mx\/index.php?rest_route=\/wp\/v2\/types\/post"}],"author":[{"embeddable":true,"href":"https:\/\/encuentroinformativo.com.mx\/index.php?rest_route=\/wp\/v2\/users\/1"}],"replies":[{"embeddable":true,"href":"https:\/\/encuentroinformativo.com.mx\/index.php?rest_route=%2Fwp%2Fv2%2Fcomments&post=34836"}],"version-history":[{"count":1,"href":"https:\/\/encuentroinformativo.com.mx\/index.php?rest_route=\/wp\/v2\/posts\/34836\/revisions"}],"predecessor-version":[{"id":34838,"href":"https:\/\/encuentroinformativo.com.mx\/index.php?rest_route=\/wp\/v2\/posts\/34836\/revisions\/34838"}],"wp:featuredmedia":[{"embeddable":true,"href":"https:\/\/encuentroinformativo.com.mx\/index.php?rest_route=\/wp\/v2\/media\/34837"}],"wp:attachment":[{"href":"https:\/\/encuentroinformativo.com.mx\/index.php?rest_route=%2Fwp%2Fv2%2Fmedia&parent=34836"}],"wp:term":[{"taxonomy":"category","embeddable":true,"href":"https:\/\/encuentroinformativo.com.mx\/index.php?rest_route=%2Fwp%2Fv2%2Fcategories&post=34836"},{"taxonomy":"post_tag","embeddable":true,"href":"https:\/\/encuentroinformativo.com.mx\/index.php?rest_route=%2Fwp%2Fv2%2Ftags&post=34836"}],"curies":[{"name":"wp","href":"https:\/\/api.w.org\/{rel}","templated":true}]}}