{"id":34841,"date":"2022-12-27T12:52:40","date_gmt":"2022-12-27T18:52:40","guid":{"rendered":"https:\/\/encuentroinformativo.com.mx\/?p=34841"},"modified":"2022-12-27T12:52:44","modified_gmt":"2022-12-27T18:52:44","slug":"confirma-gobernador-busqueda-de-fatima-cristal","status":"publish","type":"post","link":"https:\/\/encuentroinformativo.com.mx\/?p=34841","title":{"rendered":"Confirma Gobernador b\u00fasqueda de F\u00e1tima Cristal"},"content":{"rendered":"\n<p><strong>Juan Arcos <\/strong><\/p>\n\n\n\n<p>Xalapa, Ver.- El gobernador Cuitl\u00e1huac Garc\u00eda Jim\u00e9nez confirm\u00f3 que la Comisi\u00f3n Estatal de B\u00fasqueda se sum\u00f3 a las labores para la localizaci\u00f3n de la adolescente F\u00e1tima Cristal Gonz\u00e1lez Patlas en el municipio de Villa Aldama.<\/p>\n\n\n\n<p>En breve entrevista, previo al primer informe de labores del alcalde Ricardo Ahued Bardahuil, el mandatario estatal se\u00f1al\u00f3 que en dichas acciones participan autoridades municipales y estatales.<\/p>\n\n\n\n<p>\u201cClaro (est\u00e1 participando el gobierno del estado), la comisi\u00f3n estatal de b\u00fasqueda (da seguimiento al caso)\u201d, expres\u00f3 el titular del Poder Ejecutivo en Veracruz.<\/p>\n\n\n\n<p>Hace unos d\u00edas, los familiares de la menor y autoridades del ayuntamiento de Villa Aldama iniciaron brigadas en la zona boscosa, cercana al municipio de Perote.<\/p>\n\n\n\n<p>F\u00e1tima, de 14 a\u00f1os, desapareci\u00f3 el pasado 9 de diciembre despu\u00e9s de haber asistido a una pastorela, durante estas fiestas decembrinas; sin embargo, las autoridades a\u00fan no tienen indicios de su paradero y por ello sus familiares amagan con hacer justicia por su propia mano.<\/p>\n\n\n\n<p>Su t\u00eda Guadalupe Rub\u00ed Romero Gonz\u00e1lez dio a conocer en d\u00edas pasados que le dejaron una prenda de F\u00e1tima afuera de su domicilio y que ha sido v\u00edctima de dos intentos de extorsi\u00f3n. Incluso, la mujer estaba dispuesta a dar su vida por la de su sobrina.<\/p>\n\n\n\n<p>La ni\u00f1a estaba por cumplir 15 a\u00f1os el pr\u00f3ximo 16 de enero y su familia planeaba organizarle una peque\u00f1a fiesta para celebrar la fecha importante; sin embargo, ahora la buscan por todos lados para que aparezca con vida.<\/p>\n\n\n\n<p>La familia comenz\u00f3 a investigar por su cuenta y detect\u00f3 que han sido constantes las desapariciones de mujeres y ni\u00f1as en diversas localidades de la regi\u00f3n que comprende el Valle de Perote.<\/p>\n\n\n\n<p>Sin embargo, hasta el momento, la Fiscal\u00eda General del Estado (FGE) no ha informado sobre los avances en las investigaciones para localizar a F\u00e1tima con vida.<\/p>\n","protected":false},"excerpt":{"rendered":"<p>Juan Arcos Xalapa, Ver.- El gobernador Cuitl\u00e1huac Garc\u00eda Jim\u00e9nez confirm\u00f3 que la Comisi\u00f3n Estatal de B\u00fasqueda se sum\u00f3 a las labores para la localizaci\u00f3n de la adolescente F\u00e1tima Cristal Gonz\u00e1lez Patlas en el municipio de Villa Aldama. En breve entrevista, previo al primer informe de labores del alcalde Ricardo Ahued Bardahuil, el mandatario estatal se\u00f1al\u00f3 [&hellip;]<\/p>\n","protected":false},"author":1,"featured_media":34842,"comment_status":"open","ping_status":"open","sticky":false,"template":"","format":"standard","meta":{"_jetpack_memberships_contains_paid_content":false,"footnotes":""},"categories":[2],"tags":[],"class_list":["post-34841","post","type-post","status-publish","format-standard","has-post-thumbnail","hentry","category-estado"],"jetpack_featured_media_url":"https:\/\/encuentroinformativo.com.mx\/wp-content\/uploads\/2022\/12\/8F9D3107-FAF4-4441-8E3C-E1F403265E69.jpeg","jetpack_sharing_enabled":true,"jetpack_likes_enabled":true,"amp_enabled":true,"_links":{"self":[{"href":"https:\/\/encuentroinformativo.com.mx\/index.php?rest_route=\/wp\/v2\/posts\/34841","targetHints":{"allow":["GET"]}}],"collection":[{"href":"https:\/\/encuentroinformativo.com.mx\/index.php?rest_route=\/wp\/v2\/posts"}],"about":[{"href":"https:\/\/encuentroinformativo.com.mx\/index.php?rest_route=\/wp\/v2\/types\/post"}],"author":[{"embeddable":true,"href":"https:\/\/encuentroinformativo.com.mx\/index.php?rest_route=\/wp\/v2\/users\/1"}],"replies":[{"embeddable":true,"href":"https:\/\/encuentroinformativo.com.mx\/index.php?rest_route=%2Fwp%2Fv2%2Fcomments&post=34841"}],"version-history":[{"count":1,"href":"https:\/\/encuentroinformativo.com.mx\/index.php?rest_route=\/wp\/v2\/posts\/34841\/revisions"}],"predecessor-version":[{"id":34843,"href":"https:\/\/encuentroinformativo.com.mx\/index.php?rest_route=\/wp\/v2\/posts\/34841\/revisions\/34843"}],"wp:featuredmedia":[{"embeddable":true,"href":"https:\/\/encuentroinformativo.com.mx\/index.php?rest_route=\/wp\/v2\/media\/34842"}],"wp:attachment":[{"href":"https:\/\/encuentroinformativo.com.mx\/index.php?rest_route=%2Fwp%2Fv2%2Fmedia&parent=34841"}],"wp:term":[{"taxonomy":"category","embeddable":true,"href":"https:\/\/encuentroinformativo.com.mx\/index.php?rest_route=%2Fwp%2Fv2%2Fcategories&post=34841"},{"taxonomy":"post_tag","embeddable":true,"href":"https:\/\/encuentroinformativo.com.mx\/index.php?rest_route=%2Fwp%2Fv2%2Ftags&post=34841"}],"curies":[{"name":"wp","href":"https:\/\/api.w.org\/{rel}","templated":true}]}}