{"id":34847,"date":"2022-12-27T13:40:35","date_gmt":"2022-12-27T19:40:35","guid":{"rendered":"https:\/\/encuentroinformativo.com.mx\/?p=34847"},"modified":"2022-12-27T13:40:39","modified_gmt":"2022-12-27T19:40:39","slug":"en-enero-realizaran-bacheo-en-carretera-a-jilotepec","status":"publish","type":"post","link":"https:\/\/encuentroinformativo.com.mx\/?p=34847","title":{"rendered":"En enero, realizar\u00e1n bacheo en carretera a Jilotepec"},"content":{"rendered":"\n<p><strong>Dar\u00edo Pale <\/strong><\/p>\n\n\n\n<p>Xalapa, Ver.- A partir de enero del 2023 iniciar\u00e1n con el bacheo de la carretera Banderilla-Jilotepec, se trata de un tramo de casi 12 kil\u00f3metros los que tendr\u00e1n que ser intervenidos a la brevedad, as\u00ed lo dio a conocer el presidente municipal de Jilotepec, Balbino Castillo Murrieta.<\/p>\n\n\n\n<p>Entrevistado previo al informe del presidente municipal de Xalapa se\u00f1al\u00f3 que, &#8220;traemos un programa de bacheo que vamos a tener en los primeros d\u00edas del a\u00f1o que estamos por entrar 2023 y vamos a contrarrestar los baches que tenemos\u201d.<\/p>\n\n\n\n<p>Explic\u00f3 que se trata de un acceso principal que une a este pueblo como a varios municipios m\u00e1s de la regi\u00f3n capital.<\/p>\n\n\n\n<p>En otro orden de ideas dio a conocer que uno de los pendientes son los pagos a campesinos que resultaron afectados por parte de las empresas que construyeron la autopista Xalapa-Perote.<\/p>\n\n\n\n<p>\u201cHay un tema pendiente con la SCT de unos pagos que est\u00e1n programados y los cuales no se han liberado a\u00fan, pero ya est\u00e1n por liberarse esos temas que hay con la SCT, son algunos afectados, pues los da\u00f1os si son catastr\u00f3ficos para Jilotepec\u201d.<\/p>\n\n\n\n<p>Finalmente dio a conocer que est\u00e1n a la espera que desde la Secretar\u00eda de Comunicaciones y Transportes (SCT) d\u00e9 a conocer cu\u00e1ndo deben ser pagados los da\u00f1os a los agricultores que han resultados afectados por la obra.<\/p>\n","protected":false},"excerpt":{"rendered":"<p>Dar\u00edo Pale Xalapa, Ver.- A partir de enero del 2023 iniciar\u00e1n con el bacheo de la carretera Banderilla-Jilotepec, se trata de un tramo de casi 12 kil\u00f3metros los que tendr\u00e1n que ser intervenidos a la brevedad, as\u00ed lo dio a conocer el presidente municipal de Jilotepec, Balbino Castillo Murrieta. Entrevistado previo al informe del presidente [&hellip;]<\/p>\n","protected":false},"author":1,"featured_media":34848,"comment_status":"open","ping_status":"open","sticky":false,"template":"","format":"standard","meta":{"_jetpack_memberships_contains_paid_content":false,"footnotes":""},"categories":[2],"tags":[],"class_list":["post-34847","post","type-post","status-publish","format-standard","has-post-thumbnail","hentry","category-estado"],"jetpack_featured_media_url":"https:\/\/encuentroinformativo.com.mx\/wp-content\/uploads\/2022\/12\/99543AD1-7080-4CCE-AA27-1E79D1EAB586.jpeg","jetpack_sharing_enabled":true,"jetpack_likes_enabled":true,"amp_enabled":true,"_links":{"self":[{"href":"https:\/\/encuentroinformativo.com.mx\/index.php?rest_route=\/wp\/v2\/posts\/34847","targetHints":{"allow":["GET"]}}],"collection":[{"href":"https:\/\/encuentroinformativo.com.mx\/index.php?rest_route=\/wp\/v2\/posts"}],"about":[{"href":"https:\/\/encuentroinformativo.com.mx\/index.php?rest_route=\/wp\/v2\/types\/post"}],"author":[{"embeddable":true,"href":"https:\/\/encuentroinformativo.com.mx\/index.php?rest_route=\/wp\/v2\/users\/1"}],"replies":[{"embeddable":true,"href":"https:\/\/encuentroinformativo.com.mx\/index.php?rest_route=%2Fwp%2Fv2%2Fcomments&post=34847"}],"version-history":[{"count":1,"href":"https:\/\/encuentroinformativo.com.mx\/index.php?rest_route=\/wp\/v2\/posts\/34847\/revisions"}],"predecessor-version":[{"id":34849,"href":"https:\/\/encuentroinformativo.com.mx\/index.php?rest_route=\/wp\/v2\/posts\/34847\/revisions\/34849"}],"wp:featuredmedia":[{"embeddable":true,"href":"https:\/\/encuentroinformativo.com.mx\/index.php?rest_route=\/wp\/v2\/media\/34848"}],"wp:attachment":[{"href":"https:\/\/encuentroinformativo.com.mx\/index.php?rest_route=%2Fwp%2Fv2%2Fmedia&parent=34847"}],"wp:term":[{"taxonomy":"category","embeddable":true,"href":"https:\/\/encuentroinformativo.com.mx\/index.php?rest_route=%2Fwp%2Fv2%2Fcategories&post=34847"},{"taxonomy":"post_tag","embeddable":true,"href":"https:\/\/encuentroinformativo.com.mx\/index.php?rest_route=%2Fwp%2Fv2%2Ftags&post=34847"}],"curies":[{"name":"wp","href":"https:\/\/api.w.org\/{rel}","templated":true}]}}