{"id":34850,"date":"2022-12-27T13:49:37","date_gmt":"2022-12-27T19:49:37","guid":{"rendered":"https:\/\/encuentroinformativo.com.mx\/?p=34850"},"modified":"2022-12-27T13:49:41","modified_gmt":"2022-12-27T19:49:41","slug":"exhorta-sedema-a-cumplir-con-verificacion-vehicular","status":"publish","type":"post","link":"https:\/\/encuentroinformativo.com.mx\/?p=34850","title":{"rendered":"Exhorta SEDEMA a cumplir con verificaci\u00f3n vehicular"},"content":{"rendered":"\n<p><strong>Juan Arcos<\/strong><\/p>\n\n\n\n<p>Xalapa, Ver.- El titular de la Secretar\u00eda de Medio Ambiente (Sedema), Juan Carlos Contreras Bautista, indic\u00f3 que el tr\u00e1mite de la verificaci\u00f3n vehicular y reemplacamiento en Veracruz concluir\u00e1 el pr\u00f3ximo s\u00e1bado 31 de diciembre.<\/p>\n\n\n\n<p>El funcionario estatal exhort\u00f3 a los conductores a cumplir con dichos requisitos para evitar ser acreedores a sanciones econ\u00f3micas.<\/p>\n\n\n\n<p>Detall\u00f3 que en la entidad veracruzana hay m\u00e1s de 200 centros de verificaci\u00f3n vehicular, donde se prev\u00e9 que repunte la afluencia durante esta semana.<\/p>\n\n\n\n<p>Adem\u00e1s, destac\u00f3 la importancia de llevar a cabo las verificaciones de sus veh\u00edculos, toda vez que esta situaci\u00f3n permitir\u00e1 reducir la contaminaci\u00f3n del aire.<\/p>\n\n\n\n<p>\u201cQue puedan cumplir en tiempo y forma con esta reglamentaci\u00f3n para disminuir la contaminaci\u00f3n de aire en el estado, sobre todo evitar como sucedi\u00f3 hace poco de estar comprando estos hologramas en <em>Facebook<\/em> lo cual no es legal\u201d, insisti\u00f3.<\/p>\n\n\n\n<p>Contreras Bautista confirm\u00f3 que han iniciado los operativos para supervisar que las unidades del transporte p\u00fablico y los veh\u00edculos particulares cumplan con la normatividad.<\/p>\n\n\n\n<p>\u201cCon el propio engomado que tienen se les puede entregar la verificaci\u00f3n en cualquier verificentro o centro de verificaci\u00f3n vehicular, no es necesario que acudan al mismo que han verificado\u201d, enfatiz\u00f3.<\/p>\n\n\n\n<p>El Secretario de Medio Ambiente pidi\u00f3 a la poblaci\u00f3n que no espere hasta el \u00faltimo minuto, debido a que incrementar\u00e1 la afluencia en los establecimientos porque el plazo est\u00e1 por vencer.<\/p>\n","protected":false},"excerpt":{"rendered":"<p>Juan Arcos Xalapa, Ver.- El titular de la Secretar\u00eda de Medio Ambiente (Sedema), Juan Carlos Contreras Bautista, indic\u00f3 que el tr\u00e1mite de la verificaci\u00f3n vehicular y reemplacamiento en Veracruz concluir\u00e1 el pr\u00f3ximo s\u00e1bado 31 de diciembre. El funcionario estatal exhort\u00f3 a los conductores a cumplir con dichos requisitos para evitar ser acreedores a sanciones econ\u00f3micas. [&hellip;]<\/p>\n","protected":false},"author":1,"featured_media":34851,"comment_status":"open","ping_status":"open","sticky":false,"template":"","format":"standard","meta":{"_jetpack_memberships_contains_paid_content":false,"footnotes":""},"categories":[2],"tags":[],"class_list":["post-34850","post","type-post","status-publish","format-standard","has-post-thumbnail","hentry","category-estado"],"jetpack_featured_media_url":"https:\/\/encuentroinformativo.com.mx\/wp-content\/uploads\/2022\/12\/7C6D263F-CCD7-4903-B01B-24CC76034DFF.jpeg","jetpack_sharing_enabled":true,"jetpack_likes_enabled":true,"amp_enabled":true,"_links":{"self":[{"href":"https:\/\/encuentroinformativo.com.mx\/index.php?rest_route=\/wp\/v2\/posts\/34850","targetHints":{"allow":["GET"]}}],"collection":[{"href":"https:\/\/encuentroinformativo.com.mx\/index.php?rest_route=\/wp\/v2\/posts"}],"about":[{"href":"https:\/\/encuentroinformativo.com.mx\/index.php?rest_route=\/wp\/v2\/types\/post"}],"author":[{"embeddable":true,"href":"https:\/\/encuentroinformativo.com.mx\/index.php?rest_route=\/wp\/v2\/users\/1"}],"replies":[{"embeddable":true,"href":"https:\/\/encuentroinformativo.com.mx\/index.php?rest_route=%2Fwp%2Fv2%2Fcomments&post=34850"}],"version-history":[{"count":1,"href":"https:\/\/encuentroinformativo.com.mx\/index.php?rest_route=\/wp\/v2\/posts\/34850\/revisions"}],"predecessor-version":[{"id":34852,"href":"https:\/\/encuentroinformativo.com.mx\/index.php?rest_route=\/wp\/v2\/posts\/34850\/revisions\/34852"}],"wp:featuredmedia":[{"embeddable":true,"href":"https:\/\/encuentroinformativo.com.mx\/index.php?rest_route=\/wp\/v2\/media\/34851"}],"wp:attachment":[{"href":"https:\/\/encuentroinformativo.com.mx\/index.php?rest_route=%2Fwp%2Fv2%2Fmedia&parent=34850"}],"wp:term":[{"taxonomy":"category","embeddable":true,"href":"https:\/\/encuentroinformativo.com.mx\/index.php?rest_route=%2Fwp%2Fv2%2Fcategories&post=34850"},{"taxonomy":"post_tag","embeddable":true,"href":"https:\/\/encuentroinformativo.com.mx\/index.php?rest_route=%2Fwp%2Fv2%2Ftags&post=34850"}],"curies":[{"name":"wp","href":"https:\/\/api.w.org\/{rel}","templated":true}]}}