{"id":34867,"date":"2022-12-27T16:35:34","date_gmt":"2022-12-27T22:35:34","guid":{"rendered":"https:\/\/encuentroinformativo.com.mx\/?p=34867"},"modified":"2022-12-27T16:35:38","modified_gmt":"2022-12-27T22:35:38","slug":"no-hay-pacto-de-silencio-segun-ramirez-zepeta","status":"publish","type":"post","link":"https:\/\/encuentroinformativo.com.mx\/?p=34867","title":{"rendered":"\u201cNo hay pacto de silencio\u201d, seg\u00fan Ram\u00edrez Zepeta"},"content":{"rendered":"\n<p><strong>Dar\u00edo<\/strong> <strong>Pale<\/strong><\/p>\n\n\n\n<p>Xalapa, Ver.- Niega que exista un &#8220;pacto de silencio&#8221;, con militantes del PAN y del gobierno de Veracruz, como lo denunci\u00f3 el diputado local Bingen Rementer\u00eda, as\u00ed lo se\u00f1al\u00f3 el dirigente estatal de Morena, Esteban Ram\u00edrez Zepeta.<\/p>\n\n\n\n<p>En entrevista asegur\u00f3 \u201cyo no he tenido comunicaci\u00f3n con ning\u00fan dirigente que no sea de la coalici\u00f3n de Juntos haremos historia, ni con el PAN, ni con el PRI, ni con el PRD y no tengo pensado hacerlo&#8221;.<\/p>\n\n\n\n<p>Dio a conocer que entre los mismos panistas se est\u00e1n peleando y refiri\u00f3 que los senadores acusan a sus diputados locales, ello en alusi\u00f3n a las acusaciones de la senadora Indira Rosales San Rom\u00e1n contra el hijo de Julen Rementer\u00eda.<\/p>\n\n\n\n<p>Asimismo, se\u00f1al\u00f3 la disputa que hay entre la familia Yunes y la familia Rementer\u00eda, pero reiter\u00f3 que el respeto al partido ajeno es la paz.<\/p>\n\n\n\n<p>\u201cYo no tengo acuerdos con nadie, que no se olvide que son cuestiones diferentes, partido y Gobierno, Congreso, diputados. Son cuestiones diferentes, entre ellos se est\u00e1n peleando; los Rementer\u00eda con los Yunes, los Yunes con los de ac\u00e1, los de ac\u00e1 con los de all\u00e1\u201d, se\u00f1al\u00f3.<\/p>\n\n\n\n<p>Ram\u00edrez Zepeta sostuvo que en Veracruz no existe oposici\u00f3n.\u00a0La semana pasada el diputado local del PAN, Bingen Rementer\u00eda Molina, acus\u00f3 a la senadora, Indira Rosales San Rom\u00e1n, del bando Yunista en el partido, de realizar un \u201cpacto de silencio\u201d con el gobierno de Cuitlahuac Garc\u00eda.<\/p>\n\n\n\n<p>Finalmente \u00e9ste acus\u00f3 a la dirigencia estatal de su partido y a la alcaldesa de Veracruz, Patricia Lobeira Rodr\u00edguez, de tener dicho convenio a favor del Ejecutivo.<\/p>\n","protected":false},"excerpt":{"rendered":"<p>Dar\u00edo Pale Xalapa, Ver.- Niega que exista un &#8220;pacto de silencio&#8221;, con militantes del PAN y del gobierno de Veracruz, como lo denunci\u00f3 el diputado local Bingen Rementer\u00eda, as\u00ed lo se\u00f1al\u00f3 el dirigente estatal de Morena, Esteban Ram\u00edrez Zepeta. En entrevista asegur\u00f3 \u201cyo no he tenido comunicaci\u00f3n con ning\u00fan dirigente que no sea de la [&hellip;]<\/p>\n","protected":false},"author":1,"featured_media":34868,"comment_status":"open","ping_status":"open","sticky":false,"template":"","format":"standard","meta":{"_jetpack_memberships_contains_paid_content":false,"footnotes":""},"categories":[2],"tags":[],"class_list":["post-34867","post","type-post","status-publish","format-standard","has-post-thumbnail","hentry","category-estado"],"jetpack_featured_media_url":"https:\/\/encuentroinformativo.com.mx\/wp-content\/uploads\/2022\/12\/0D1534A8-60E2-4E08-84C6-71CD6769A645.jpeg","jetpack_sharing_enabled":true,"jetpack_likes_enabled":true,"amp_enabled":true,"_links":{"self":[{"href":"https:\/\/encuentroinformativo.com.mx\/index.php?rest_route=\/wp\/v2\/posts\/34867","targetHints":{"allow":["GET"]}}],"collection":[{"href":"https:\/\/encuentroinformativo.com.mx\/index.php?rest_route=\/wp\/v2\/posts"}],"about":[{"href":"https:\/\/encuentroinformativo.com.mx\/index.php?rest_route=\/wp\/v2\/types\/post"}],"author":[{"embeddable":true,"href":"https:\/\/encuentroinformativo.com.mx\/index.php?rest_route=\/wp\/v2\/users\/1"}],"replies":[{"embeddable":true,"href":"https:\/\/encuentroinformativo.com.mx\/index.php?rest_route=%2Fwp%2Fv2%2Fcomments&post=34867"}],"version-history":[{"count":1,"href":"https:\/\/encuentroinformativo.com.mx\/index.php?rest_route=\/wp\/v2\/posts\/34867\/revisions"}],"predecessor-version":[{"id":34869,"href":"https:\/\/encuentroinformativo.com.mx\/index.php?rest_route=\/wp\/v2\/posts\/34867\/revisions\/34869"}],"wp:featuredmedia":[{"embeddable":true,"href":"https:\/\/encuentroinformativo.com.mx\/index.php?rest_route=\/wp\/v2\/media\/34868"}],"wp:attachment":[{"href":"https:\/\/encuentroinformativo.com.mx\/index.php?rest_route=%2Fwp%2Fv2%2Fmedia&parent=34867"}],"wp:term":[{"taxonomy":"category","embeddable":true,"href":"https:\/\/encuentroinformativo.com.mx\/index.php?rest_route=%2Fwp%2Fv2%2Fcategories&post=34867"},{"taxonomy":"post_tag","embeddable":true,"href":"https:\/\/encuentroinformativo.com.mx\/index.php?rest_route=%2Fwp%2Fv2%2Ftags&post=34867"}],"curies":[{"name":"wp","href":"https:\/\/api.w.org\/{rel}","templated":true}]}}