{"id":34870,"date":"2022-12-27T16:46:33","date_gmt":"2022-12-27T22:46:33","guid":{"rendered":"https:\/\/encuentroinformativo.com.mx\/?p=34870"},"modified":"2022-12-27T16:46:37","modified_gmt":"2022-12-27T22:46:37","slug":"presenta-avances-corredor-interoceanico-gobernador","status":"publish","type":"post","link":"https:\/\/encuentroinformativo.com.mx\/?p=34870","title":{"rendered":"Presenta avances corredor interoce\u00e1nico: Gobernador"},"content":{"rendered":"\n<p><strong>Dar\u00edo Pale <\/strong><\/p>\n\n\n\n<p>Xalapa, Ver.- El gobernador de Veracruz Cuitl\u00e1huac Garc\u00eda Jim\u00e9nez dio a conocer que llevan un avance del 90 por ciento del Corredor Interoce\u00e1nico del Istmo de Tehuantepec, esto despu\u00e9s de reunirse con el presidente de la Rep\u00fablica, Andr\u00e9s Manuel L\u00f3pez Obrador.<\/p>\n\n\n\n<p>En breve entrevista posterior al informe del alcalde Ricardo Ahued, indic\u00f3 que la instrucci\u00f3n del Mandatario federal es concluirlo, \u201cel avance es muy bueno del lado de Veracruz, bastante bien y tambi\u00e9n de Oaxaca y nos encarg\u00f3 el Presidente concluirlo bastante bien y ah\u00ed vamos, ayer en el corte de Veracruz casi estamos llegando al 90 por ciento&#8221;.<\/p>\n\n\n\n<p>Este lunes dio a conocer que durante la reuni\u00f3n coincidi\u00f3 con los gobernadores de Chiapas, Rutilio Escand\u00f3n; de Oaxaca, Salom\u00f3n Jara, as\u00ed como con el secretario de Gobernaci\u00f3n, Ad\u00e1n Augusto L\u00f3pez, el Almirante secretario de Marina, Rafael Ojeda, entre otros.<\/p>\n\n\n\n<p>\u201cSeguimos avanzando y apoyando este gran proyecto de desarrollo econ\u00f3mico en el sureste del pa\u00eds&#8221;, poste\u00f3 en sus redes sociales.<\/p>\n\n\n\n<p>Por \u00faltimo fue entrevistado sobre la reactivaci\u00f3n de las mesas de di\u00e1logo entre los Colectivos de b\u00fasqueda de personas desaparecidas, pero respondi\u00f3 que lo importante era el informe del alcalde Ricardo Ahued y que para los dem\u00e1s detalles dar\u00eda una conferencia de prensa.<\/p>\n","protected":false},"excerpt":{"rendered":"<p>Dar\u00edo Pale Xalapa, Ver.- El gobernador de Veracruz Cuitl\u00e1huac Garc\u00eda Jim\u00e9nez dio a conocer que llevan un avance del 90 por ciento del Corredor Interoce\u00e1nico del Istmo de Tehuantepec, esto despu\u00e9s de reunirse con el presidente de la Rep\u00fablica, Andr\u00e9s Manuel L\u00f3pez Obrador. En breve entrevista posterior al informe del alcalde Ricardo Ahued, indic\u00f3 que [&hellip;]<\/p>\n","protected":false},"author":1,"featured_media":34871,"comment_status":"open","ping_status":"open","sticky":false,"template":"","format":"standard","meta":{"_jetpack_memberships_contains_paid_content":false,"footnotes":""},"categories":[2],"tags":[],"class_list":["post-34870","post","type-post","status-publish","format-standard","has-post-thumbnail","hentry","category-estado"],"jetpack_featured_media_url":"https:\/\/encuentroinformativo.com.mx\/wp-content\/uploads\/2022\/12\/19085DC0-8AA3-4BAA-9753-8346F90C3334.jpeg","jetpack_sharing_enabled":true,"jetpack_likes_enabled":true,"amp_enabled":true,"_links":{"self":[{"href":"https:\/\/encuentroinformativo.com.mx\/index.php?rest_route=\/wp\/v2\/posts\/34870","targetHints":{"allow":["GET"]}}],"collection":[{"href":"https:\/\/encuentroinformativo.com.mx\/index.php?rest_route=\/wp\/v2\/posts"}],"about":[{"href":"https:\/\/encuentroinformativo.com.mx\/index.php?rest_route=\/wp\/v2\/types\/post"}],"author":[{"embeddable":true,"href":"https:\/\/encuentroinformativo.com.mx\/index.php?rest_route=\/wp\/v2\/users\/1"}],"replies":[{"embeddable":true,"href":"https:\/\/encuentroinformativo.com.mx\/index.php?rest_route=%2Fwp%2Fv2%2Fcomments&post=34870"}],"version-history":[{"count":1,"href":"https:\/\/encuentroinformativo.com.mx\/index.php?rest_route=\/wp\/v2\/posts\/34870\/revisions"}],"predecessor-version":[{"id":34872,"href":"https:\/\/encuentroinformativo.com.mx\/index.php?rest_route=\/wp\/v2\/posts\/34870\/revisions\/34872"}],"wp:featuredmedia":[{"embeddable":true,"href":"https:\/\/encuentroinformativo.com.mx\/index.php?rest_route=\/wp\/v2\/media\/34871"}],"wp:attachment":[{"href":"https:\/\/encuentroinformativo.com.mx\/index.php?rest_route=%2Fwp%2Fv2%2Fmedia&parent=34870"}],"wp:term":[{"taxonomy":"category","embeddable":true,"href":"https:\/\/encuentroinformativo.com.mx\/index.php?rest_route=%2Fwp%2Fv2%2Fcategories&post=34870"},{"taxonomy":"post_tag","embeddable":true,"href":"https:\/\/encuentroinformativo.com.mx\/index.php?rest_route=%2Fwp%2Fv2%2Ftags&post=34870"}],"curies":[{"name":"wp","href":"https:\/\/api.w.org\/{rel}","templated":true}]}}